{"id":12850,"date":"2013-06-28T15:34:51","date_gmt":"2013-06-28T20:34:51","guid":{"rendered":"http:\/\/www.ambiente.gob.ec\/?p=12850"},"modified":"2013-06-28T15:34:51","modified_gmt":"2013-06-28T20:34:51","slug":"ministerio-del-ambiente-investiga-presunto-delito-contra-un-jaguar","status":"publish","type":"post","link":"https:\/\/www.ambienteyenergia.gob.ec\/ambiente\/ministerio-del-ambiente-investiga-presunto-delito-contra-un-jaguar\/","title":{"rendered":"Ministerio del Ambiente investiga presunto delito contra un jaguar"},"content":{"rendered":"<p style=\"text-align: justify;\">Tras una denuncia recibida desde redes sociales, el Ministerio del Ambiente (MAE) activ\u00f3 todo su contingente para investigar el presunto delito cometido en la Amazon\u00eda ecuatoriana. En la fotograf\u00eda que circula en la red, se observa a un felino de gran tama\u00f1o (se estima puede ser un Jaguar), al parecer, muerto.<\/p>\n<p style=\"text-align: justify;\">El suceso posiblemente se dio en la Amazon\u00eda, pues el tipo de felino antes mencionado, es originario de esta zona.<\/p>\n<p style=\"text-align: justify;\">Al momento, esta Cartera de Estado, a trav\u00e9s de la Direcci\u00f3n Provincial del Ambiente de El Oro, notific\u00f3 a la Fiscal\u00eda de esta provincia, para que tenga conocimiento del caso y realice las respectivas investigaciones. Este proceso se inici\u00f3 porque, seg\u00fan la p\u00e1gina de dicha red social, el presunto autor del hecho ser\u00eda de la ciudad de Machala.<\/p>\n<p style=\"text-align: justify;\">A trav\u00e9s de este medio el MAE pide a la ciudadan\u00eda que las denuncias se realicen al portal de atenci\u00f3n MAE transparente. En este marco, solicitamos su ayuda con el manejo de la informaci\u00f3n. Las denuncias virales dificultan nuestra labor, pues alertan a los presuntos sospechosos sobre las acciones que tomamos conforme lo dicta la normativa ambiental vigente. En este sentido, les pedimos que las denuncias se hagan a nuestro portal de atenci\u00f3n a la ciudadan\u00eda <a href=\"http:\/\/soportesuia.ambiente.gob.ec\/otrs\/customer.pl\">MAE Transparente<\/a>.<\/p>\n<p style=\"text-align: justify;\">Cabe recalcar, que todas las denuncias recibidas son gestionadas de forma apropiada y que el trabajo es compartido con los denunciantes, quienes pueden dar seguimiento directo de su requerimiento.<\/p>\n<p style=\"text-align: justify;\">El MAE, como principal autoridad ambiental de pa\u00eds, velar\u00e1 por que se cumpla la normativa ambiental vigente y se respeten los derechos de la naturaleza contemplados en la Constituci\u00f3n.<\/p>\n","protected":false},"excerpt":{"rendered":"<p class=\"excerpt\">Tras una denuncia recibida desde redes sociales, el Ministerio del Ambiente (MAE) activ\u00f3 todo su contingente para investigar el presunto delito cometido en la Amazon\u00eda ecuatoriana. En la fotograf\u00eda que circula en la red, se observa a un felino de gran tama\u00f1o (se estima puede ser un Jaguar), al parecer, muerto. El suceso posiblemente se dio en la Amazon\u00eda, pues&hellip; <a href=\"https:\/\/www.ambienteyenergia.gob.ec\/ambiente\/ministerio-del-ambiente-investiga-presunto-delito-contra-un-jaguar\/\">Read more &rarr;<\/a><\/p>\n","protected":false},"author":13,"featured_media":12840,"comment_status":"open","ping_status":"open","sticky":false,"template":"","format":"standard","meta":{"footnotes":""},"categories":[16,4],"tags":[],"class_list":["post-12850","post","type-post","status-publish","format-standard","has-post-thumbnail","hentry","category-comunicamos","category-noticias","xfolkentry"],"_links":{"self":[{"href":"https:\/\/www.ambienteyenergia.gob.ec\/ambiente\/wp-json\/wp\/v2\/posts\/12850","targetHints":{"allow":["GET"]}}],"collection":[{"href":"https:\/\/www.ambienteyenergia.gob.ec\/ambiente\/wp-json\/wp\/v2\/posts"}],"about":[{"href":"https:\/\/www.ambienteyenergia.gob.ec\/ambiente\/wp-json\/wp\/v2\/types\/post"}],"author":[{"embeddable":true,"href":"https:\/\/www.ambienteyenergia.gob.ec\/ambiente\/wp-json\/wp\/v2\/users\/13"}],"replies":[{"embeddable":true,"href":"https:\/\/www.ambienteyenergia.gob.ec\/ambiente\/wp-json\/wp\/v2\/comments?post=12850"}],"version-history":[{"count":0,"href":"https:\/\/www.ambienteyenergia.gob.ec\/ambiente\/wp-json\/wp\/v2\/posts\/12850\/revisions"}],"wp:featuredmedia":[{"embeddable":true,"href":"https:\/\/www.ambienteyenergia.gob.ec\/ambiente\/wp-json\/wp\/v2\/media\/12840"}],"wp:attachment":[{"href":"https:\/\/www.ambienteyenergia.gob.ec\/ambiente\/wp-json\/wp\/v2\/media?parent=12850"}],"wp:term":[{"taxonomy":"category","embeddable":true,"href":"https:\/\/www.ambienteyenergia.gob.ec\/ambiente\/wp-json\/wp\/v2\/categories?post=12850"},{"taxonomy":"post_tag","embeddable":true,"href":"https:\/\/www.ambienteyenergia.gob.ec\/ambiente\/wp-json\/wp\/v2\/tags?post=12850"}],"curies":[{"name":"wp","href":"https:\/\/api.w.org\/{rel}","templated":true}]}}