{"id":12839,"date":"2013-06-28T08:29:21","date_gmt":"2013-06-28T13:29:21","guid":{"rendered":"http:\/\/www.ambiente.gob.ec\/?p=12839"},"modified":"2013-06-28T08:33:49","modified_gmt":"2013-06-28T13:33:49","slug":"tres-camiones-retenidos-en-operativo-de-control-forestal-en-napo","status":"publish","type":"post","link":"https:\/\/www.ambienteyenergia.gob.ec\/ambiente\/tres-camiones-retenidos-en-operativo-de-control-forestal-en-napo\/","title":{"rendered":"Tres camiones retenidos en operativo de control forestal en Napo"},"content":{"rendered":"<p style=\"text-align: justify;\">El Ministerio del Ambiente (MAE), en coordinaci\u00f3n con la Unidad de Protecci\u00f3n del Medio Ambiente (UPMA) y el Grupo Especial M\u00f3vil Antinarc\u00f3ticos (GEMA), el pasado 26 de junio,\u00a0 realiz\u00f3 la retenci\u00f3n de tres veh\u00edculos que transportaban 70,56 m3 de productos forestales (madera) en el sector El Holl\u00edn, Parroquia Archidona, Cant\u00f3n Tena, provincia de Napo.<\/p>\n<p style=\"text-align: justify;\">Los conductores no ten\u00edan la Gu\u00eda de Movilizaci\u00f3n -permiso otorgado por esta cartera de Estado para poder transportar productos forestales- por lo que se procedi\u00f3 a decomisar la madera entre la que se encontr\u00f3 las especies de chuncho, laurel, ceibo, sapote, doncel y a detener a los veh\u00edculos.<\/p>\n<p style=\"text-align: justify;\">Los camiones fueron trasladados hasta los patios de la Direcci\u00f3n Provincial del Ambiente de Napo para iniciar con los procesos legales respectivos.<\/p>\n<p style=\"text-align: justify;\">El MAE, como autoridad nacional ambiental, es la instituci\u00f3n encargada de aplicar mecanismos efectivos de seguimiento y control del aprovechamiento y movilizaci\u00f3n de los recursos forestales del pa\u00eds, priorizando la conservaci\u00f3n y el manejo sustentable de los bosques.<\/p>\n<p style=\"text-align: justify;\">\n","protected":false},"excerpt":{"rendered":"<p class=\"excerpt\">El Ministerio del Ambiente (MAE), en coordinaci\u00f3n con la Unidad de Protecci\u00f3n del Medio Ambiente (UPMA) y el Grupo Especial M\u00f3vil Antinarc\u00f3ticos (GEMA), el pasado 26 de junio,\u00a0 realiz\u00f3 la retenci\u00f3n de tres veh\u00edculos que transportaban 70,56 m3 de productos forestales (madera) en el sector El Holl\u00edn, Parroquia Archidona, Cant\u00f3n Tena, provincia de Napo. Los conductores no ten\u00edan la Gu\u00eda&hellip; <a href=\"https:\/\/www.ambienteyenergia.gob.ec\/ambiente\/tres-camiones-retenidos-en-operativo-de-control-forestal-en-napo\/\">Read more &rarr;<\/a><\/p>\n","protected":false},"author":13,"featured_media":12842,"comment_status":"open","ping_status":"open","sticky":false,"template":"","format":"standard","meta":{"footnotes":""},"categories":[16,4],"tags":[],"class_list":["post-12839","post","type-post","status-publish","format-standard","has-post-thumbnail","hentry","category-comunicamos","category-noticias","xfolkentry"],"_links":{"self":[{"href":"https:\/\/www.ambienteyenergia.gob.ec\/ambiente\/wp-json\/wp\/v2\/posts\/12839","targetHints":{"allow":["GET"]}}],"collection":[{"href":"https:\/\/www.ambienteyenergia.gob.ec\/ambiente\/wp-json\/wp\/v2\/posts"}],"about":[{"href":"https:\/\/www.ambienteyenergia.gob.ec\/ambiente\/wp-json\/wp\/v2\/types\/post"}],"author":[{"embeddable":true,"href":"https:\/\/www.ambienteyenergia.gob.ec\/ambiente\/wp-json\/wp\/v2\/users\/13"}],"replies":[{"embeddable":true,"href":"https:\/\/www.ambienteyenergia.gob.ec\/ambiente\/wp-json\/wp\/v2\/comments?post=12839"}],"version-history":[{"count":0,"href":"https:\/\/www.ambienteyenergia.gob.ec\/ambiente\/wp-json\/wp\/v2\/posts\/12839\/revisions"}],"wp:featuredmedia":[{"embeddable":true,"href":"https:\/\/www.ambienteyenergia.gob.ec\/ambiente\/wp-json\/wp\/v2\/media\/12842"}],"wp:attachment":[{"href":"https:\/\/www.ambienteyenergia.gob.ec\/ambiente\/wp-json\/wp\/v2\/media?parent=12839"}],"wp:term":[{"taxonomy":"category","embeddable":true,"href":"https:\/\/www.ambienteyenergia.gob.ec\/ambiente\/wp-json\/wp\/v2\/categories?post=12839"},{"taxonomy":"post_tag","embeddable":true,"href":"https:\/\/www.ambienteyenergia.gob.ec\/ambiente\/wp-json\/wp\/v2\/tags?post=12839"}],"curies":[{"name":"wp","href":"https:\/\/api.w.org\/{rel}","templated":true}]}}