{"id":12830,"date":"2013-06-27T15:57:42","date_gmt":"2013-06-27T20:57:42","guid":{"rendered":"http:\/\/www.ambiente.gob.ec\/?p=12830"},"modified":"2013-06-27T15:57:42","modified_gmt":"2013-06-27T20:57:42","slug":"la-visita-a-las-areas-protegidas-ha-incrementado-en-un-33-en-el-primer-trimestre-del-2013","status":"publish","type":"post","link":"https:\/\/www.ambienteyenergia.gob.ec\/ambiente\/la-visita-a-las-areas-protegidas-ha-incrementado-en-un-33-en-el-primer-trimestre-del-2013\/","title":{"rendered":"La visita a las \u00c1reas Protegidas ha incrementado en un 33% en el primer trimestre del 2013"},"content":{"rendered":"<p style=\"text-align: justify;\">Las \u00c1reas Naturales Protegidas representan aproximadamente el 20% del territorio nacional. \u00c9stas son zonas de gran importancia patrimonial que deben ser respetadas y conservadas para las futuras generaciones. Asimismo, representan un importante aporte al turismo nacional por su amplia diversidad.<\/p>\n<p style=\"text-align: justify;\">Por esta raz\u00f3n, el MAE ha intervenido desde el 2010, en el mejoramiento de la infraestructura de estos lugares, con el objetivo de promover el turismo y la conservaci\u00f3n de las mismas.<\/p>\n<p style=\"text-align: justify;\">El mantenimiento de senderos es permanente y se ha incorporado un sistema de se\u00f1alizaci\u00f3n est\u00e1ndar a nivel nacional para mejorar el ornato y facilitar la estad\u00eda y ubicaci\u00f3n de los visitantes. Adem\u00e1s, se ha remodelado y reconstruido varias \u00e1reas dentro de las reservas naturales como caba\u00f1as, zonas de camping y artesan\u00edas, entre otros.<\/p>\n<p style=\"text-align: justify;\">Por otro lado, el personal de las \u00e1reas protegidas tambi\u00e9n increment\u00f3 en un 15,25%, en el per\u00edodo del 2011 al 2012. Actualmente, se cuenta con 459 personas entre t\u00e9cnicos, jefes de \u00e1rea y guardaparques para mejorar el servicio y preservaci\u00f3n de estos ecosistemas.<\/p>\n<p style=\"text-align: justify;\">De igual forma, el MAE como una manera de incentivar el turismo nacional para que los ecuatorianos conozcan la riqueza del Ecuador decret\u00f3 la gratuidad en el ingreso a las \u00c1reas Protegidas, a trav\u00e9s del acuerdo ministerial 006, en enero del 2012.<\/p>\n<p style=\"text-align: justify;\">Con estos ajustes la visitaci\u00f3n a las \u00e1reas protegidas ha incrementado en un 38 ,87% en el 2012 y en el primer trimestre del 2013 ha superado un 33%. Tanto turistas nacionales como extranjeros visitan los hermosos parajes de las reservas.<\/p>\n<p style=\"text-align: justify;\">Adem\u00e1s, se ha realizado material promocional de las cinco \u00c1reas Protegidas priorizadas entre las cuales est\u00e1n el Parque Nacional Cayambe-Coca, Parque Nacional\u00a0 Podocarpus, Reserva Ecol\u00f3gica Manglares Churute, Limoncocha y la Reserva Geobot\u00e1nica Pululahua.<\/p>\n<p style=\"text-align: justify;\">Con estas actividades se pretende fortalecer la conservaci\u00f3n de la biodiversidad e influir positivamente en la visi\u00f3n y el comportamiento de los visitantes, del cual depende en gran medida la conservaci\u00f3n de estos espacios.<\/p>\n<p style=\"text-align: justify;\">El MAE\u00a0 ha empe\u00f1ado sus esfuerzos en la aplicaci\u00f3n de pol\u00edticas que devuelvan la oportunidad a todos los ciudadanos de acercamiento a los espacios naturales.<strong>\u00a0<\/strong><\/p>\n<p align=\"center\"><strong>\u00a0\u201cM\u00e1s gente que conoce es m\u00e1s gente que protege\u201d<\/strong><\/p>\n","protected":false},"excerpt":{"rendered":"<p class=\"excerpt\">Las \u00c1reas Naturales Protegidas representan aproximadamente el 20% del territorio nacional. \u00c9stas son zonas de gran importancia patrimonial que deben ser respetadas y conservadas para las futuras generaciones. Asimismo, representan un importante aporte al turismo nacional por su amplia diversidad. Por esta raz\u00f3n, el MAE ha intervenido desde el 2010, en el mejoramiento de la infraestructura de estos lugares, con&hellip; <a href=\"https:\/\/www.ambienteyenergia.gob.ec\/ambiente\/la-visita-a-las-areas-protegidas-ha-incrementado-en-un-33-en-el-primer-trimestre-del-2013\/\">Read more &rarr;<\/a><\/p>\n","protected":false},"author":13,"featured_media":12831,"comment_status":"open","ping_status":"open","sticky":false,"template":"","format":"standard","meta":{"footnotes":""},"categories":[16,4],"tags":[],"class_list":["post-12830","post","type-post","status-publish","format-standard","has-post-thumbnail","hentry","category-comunicamos","category-noticias","xfolkentry"],"_links":{"self":[{"href":"https:\/\/www.ambienteyenergia.gob.ec\/ambiente\/wp-json\/wp\/v2\/posts\/12830","targetHints":{"allow":["GET"]}}],"collection":[{"href":"https:\/\/www.ambienteyenergia.gob.ec\/ambiente\/wp-json\/wp\/v2\/posts"}],"about":[{"href":"https:\/\/www.ambienteyenergia.gob.ec\/ambiente\/wp-json\/wp\/v2\/types\/post"}],"author":[{"embeddable":true,"href":"https:\/\/www.ambienteyenergia.gob.ec\/ambiente\/wp-json\/wp\/v2\/users\/13"}],"replies":[{"embeddable":true,"href":"https:\/\/www.ambienteyenergia.gob.ec\/ambiente\/wp-json\/wp\/v2\/comments?post=12830"}],"version-history":[{"count":0,"href":"https:\/\/www.ambienteyenergia.gob.ec\/ambiente\/wp-json\/wp\/v2\/posts\/12830\/revisions"}],"wp:featuredmedia":[{"embeddable":true,"href":"https:\/\/www.ambienteyenergia.gob.ec\/ambiente\/wp-json\/wp\/v2\/media\/12831"}],"wp:attachment":[{"href":"https:\/\/www.ambienteyenergia.gob.ec\/ambiente\/wp-json\/wp\/v2\/media?parent=12830"}],"wp:term":[{"taxonomy":"category","embeddable":true,"href":"https:\/\/www.ambienteyenergia.gob.ec\/ambiente\/wp-json\/wp\/v2\/categories?post=12830"},{"taxonomy":"post_tag","embeddable":true,"href":"https:\/\/www.ambienteyenergia.gob.ec\/ambiente\/wp-json\/wp\/v2\/tags?post=12830"}],"curies":[{"name":"wp","href":"https:\/\/api.w.org\/{rel}","templated":true}]}}