{"id":12828,"date":"2013-06-27T15:56:17","date_gmt":"2013-06-27T20:56:17","guid":{"rendered":"http:\/\/www.ambiente.gob.ec\/?p=12828"},"modified":"2013-06-27T15:58:21","modified_gmt":"2013-06-27T20:58:21","slug":"mae-multo-a-municipio-de-atacames-por-delitos-ambientales","status":"publish","type":"post","link":"https:\/\/www.ambienteyenergia.gob.ec\/ambiente\/mae-multo-a-municipio-de-atacames-por-delitos-ambientales\/","title":{"rendered":"MAE mult\u00f3 a Municipio de Atacames por delitos ambientales"},"content":{"rendered":"<p style=\"text-align: justify;\">El Ministerio del Ambiente (MAE), a trav\u00e9s de la Direcci\u00f3n Provincial de Esmeraldas, sanciono al Gobierno Aut\u00f3nomo Descentralizado (GAD) de Atacames con $1&#8217;077 525, por presunta responsabilidad de la tala de manglar, en el Barrio 2 de abril, ubicado en ese cant\u00f3n Atacames.<\/p>\n<p style=\"text-align: justify;\">Esta resoluci\u00f3n fue emitida el 13 de mayo de 2013, por parte de esta Cartera de Estado, ya dentro de la sustanciaci\u00f3n, la Municipalidad presento los recursos que en derecho le corresponden. Posterior a ello, dentro del proceso administrativo No 061-201, contra el GAD de Atacames, \u00e9ste present\u00f3 un recurso de reposici\u00f3n, el mismo que debe ser resuelto en un plazo de 2 meses.<\/p>\n<p style=\"text-align: justify;\">Ese Cabildo enfrenta, adem\u00e1s, dos procesos administrativos por causas ambientales. Desde noviembre de 2011, por incumplimiento al Plan Manejo Ambiental del sistema de alcantarillado y desde marzo de este a\u00f1o, por incumplimiento a las normas t\u00e9cnicas del mismo sistema.<\/p>\n<p style=\"text-align: justify;\">En el primer caso, la Direcci\u00f3n Provincial del Ambiental de Esmeraldas resolvi\u00f3 sancionar con una multa de $52 \u00a0800, la misma que fue apelada y se encuentra en segunda instancia; en el segundo proceso, se multa con $ 12 720, El GAD present\u00f3 un recurso de reposici\u00f3n conforme lo dispone el Art. 174 y 175 de la ERJAFE.<\/p>\n","protected":false},"excerpt":{"rendered":"<p class=\"excerpt\">El Ministerio del Ambiente (MAE), a trav\u00e9s de la Direcci\u00f3n Provincial de Esmeraldas, sanciono al Gobierno Aut\u00f3nomo Descentralizado (GAD) de Atacames con $1&#8217;077 525, por presunta responsabilidad de la tala de manglar, en el Barrio 2 de abril, ubicado en ese cant\u00f3n Atacames. Esta resoluci\u00f3n fue emitida el 13 de mayo de 2013, por parte de esta Cartera de Estado,&hellip; <a href=\"https:\/\/www.ambienteyenergia.gob.ec\/ambiente\/mae-multo-a-municipio-de-atacames-por-delitos-ambientales\/\">Read more &rarr;<\/a><\/p>\n","protected":false},"author":13,"featured_media":12833,"comment_status":"open","ping_status":"open","sticky":false,"template":"","format":"standard","meta":{"footnotes":""},"categories":[16,4],"tags":[],"class_list":["post-12828","post","type-post","status-publish","format-standard","has-post-thumbnail","hentry","category-comunicamos","category-noticias","xfolkentry"],"_links":{"self":[{"href":"https:\/\/www.ambienteyenergia.gob.ec\/ambiente\/wp-json\/wp\/v2\/posts\/12828","targetHints":{"allow":["GET"]}}],"collection":[{"href":"https:\/\/www.ambienteyenergia.gob.ec\/ambiente\/wp-json\/wp\/v2\/posts"}],"about":[{"href":"https:\/\/www.ambienteyenergia.gob.ec\/ambiente\/wp-json\/wp\/v2\/types\/post"}],"author":[{"embeddable":true,"href":"https:\/\/www.ambienteyenergia.gob.ec\/ambiente\/wp-json\/wp\/v2\/users\/13"}],"replies":[{"embeddable":true,"href":"https:\/\/www.ambienteyenergia.gob.ec\/ambiente\/wp-json\/wp\/v2\/comments?post=12828"}],"version-history":[{"count":0,"href":"https:\/\/www.ambienteyenergia.gob.ec\/ambiente\/wp-json\/wp\/v2\/posts\/12828\/revisions"}],"wp:featuredmedia":[{"embeddable":true,"href":"https:\/\/www.ambienteyenergia.gob.ec\/ambiente\/wp-json\/wp\/v2\/media\/12833"}],"wp:attachment":[{"href":"https:\/\/www.ambienteyenergia.gob.ec\/ambiente\/wp-json\/wp\/v2\/media?parent=12828"}],"wp:term":[{"taxonomy":"category","embeddable":true,"href":"https:\/\/www.ambienteyenergia.gob.ec\/ambiente\/wp-json\/wp\/v2\/categories?post=12828"},{"taxonomy":"post_tag","embeddable":true,"href":"https:\/\/www.ambienteyenergia.gob.ec\/ambiente\/wp-json\/wp\/v2\/tags?post=12828"}],"curies":[{"name":"wp","href":"https:\/\/api.w.org\/{rel}","templated":true}]}}