{"id":12808,"date":"2013-06-27T11:49:11","date_gmt":"2013-06-27T16:49:11","guid":{"rendered":"http:\/\/www.ambiente.gob.ec\/?p=12808"},"modified":"2013-06-27T13:06:29","modified_gmt":"2013-06-27T18:06:29","slug":"mae-rescata-caiman-de-frente-lisa-en-orellana","status":"publish","type":"post","link":"https:\/\/www.ambienteyenergia.gob.ec\/ambiente\/mae-rescata-caiman-de-frente-lisa-en-orellana\/","title":{"rendered":"MAE rescata caim\u00e1n de frente lisa en Orellana"},"content":{"rendered":"<p style=\"text-align: justify;\">El Ministerio del Ambiente (MAE), el pasado 22 de junio, en uno de sus operativos de control de tr\u00e1fico y tenencia de vida silvestre, rescat\u00f3 un caim\u00e1n de frente lisa (<em>Melanosuchus niger<\/em>), en la provincia de Orellana. El animal estaba en una alcantarilla en la v\u00eda al Coca, cuando un habitante del sector lo captur\u00f3.<\/p>\n<p style=\"text-align: justify;\">Funcionarios del MAE y miembros de la Unidad de Protecci\u00f3n del Medio Ambiente de la Polic\u00eda Nacional (UPMA) realizaron el decomiso del esp\u00e9cimen tras una denuncia ciudadana.<\/p>\n<p style=\"text-align: justify;\">El reptil fue trasladado al Zool\u00f3gico Coca-Zoo, en el cual se le realizar\u00e1 una revisi\u00f3n m\u00e9dica completa para determinar su estado de salud. Los ex\u00e1menes deben ser exhaustivos, pues el caim\u00e1n puede estar contaminado con microorganismos por haber estado en una alcantarilla. Actualmente, est\u00e1 en el \u00e1rea de cuarentena del centro de rescate para monitorear su comportamiento. Posterior a esto, se analizar\u00e1 si es conveniente devolverlo a su h\u00e1bitat.<\/p>\n<p style=\"text-align: justify;\">El Caiman de frente lisa es una especie que puede medir entre 140 y 230 cm. Es el segundo cocodrilo m\u00e1s peque\u00f1o del mundo. En algunos individuos existe crecimiento de algas en las escamas lo que es normal para esta especie. Su dieta es variada, puede comer, peces, culebras, peque\u00f1os mam\u00edferos como guantas, guatusas, armadillos, roedores, e inclusive a otras especies de cocodrilos. Este esp\u00e9cimen se caracteriza por ser territorialista.<\/p>\n<p style=\"text-align: justify;\">En nuestro pa\u00eds se distribuye en la Amazon\u00eda, en las provincias de Orellana, Pastaza, Napo, Sucumb\u00edos.\u00a0En la provincia de Orellana a esta especie la cazan para comercializar su carne.<\/p>\n<p style=\"text-align: justify;\">Este cocodrilo seg\u00fan la\u00a0Uni\u00f3n Internacional para la Conservaci\u00f3n de la Naturaleza (IUCN por sus siglas en ingl\u00e9s) y la Lista Roja de Reptiles del Ecuador se encuentra catalogada como una especie en Preocupaci\u00f3n Menor (LC) y consta tambi\u00e9n en el ap\u00e9ndice II de\u00a0Convenci\u00f3n sobre el Comercio Internacional de Especies Amenazadas de Fauna y Flora Silvestres (<em>CITES), que se refiere a\u00a0<\/em>aquellas especies que a pesar de no estar en peligro de extinci\u00f3n pueden llegar a estarlo,\u00a0<strong>si no se regula su comercio.<\/strong><\/p>\n<p align=\"JUSTIFY\"><a href=\"http:\/\/www.ambienteyenergia.gob.ec\/ambiente\/wp-content\/uploads\/2013\/06\/liberaci+\u00a6n-del-ejemplar-rescatado.jpg\"><img loading=\"lazy\" decoding=\"async\" class=\"aligncenter size-full wp-image-12811\" title=\"liberacion-del-ejemplar-rescatado\" src=\"http:\/\/www.ambienteyenergia.gob.ec\/ambiente\/wp-content\/uploads\/2013\/06\/liberaci+\u00a6n-del-ejemplar-rescatado.jpg\" alt=\"\" width=\"650\" height=\"488\" srcset=\"https:\/\/www.ambienteyenergia.gob.ec\/ambiente\/wp-content\/uploads\/sites\/2\/2013\/06\/liberaci+\u00a6n-del-ejemplar-rescatado.jpg 650w, https:\/\/www.ambienteyenergia.gob.ec\/ambiente\/wp-content\/uploads\/sites\/2\/2013\/06\/liberaci+\u00a6n-del-ejemplar-rescatado-300x225.jpg 300w, https:\/\/www.ambienteyenergia.gob.ec\/ambiente\/wp-content\/uploads\/sites\/2\/2013\/06\/liberaci+\u00a6n-del-ejemplar-rescatado-399x300.jpg 399w\" sizes=\"auto, (max-width: 650px) 100vw, 650px\" \/><\/a><\/p>\n","protected":false},"excerpt":{"rendered":"<p class=\"excerpt\">El Ministerio del Ambiente (MAE), el pasado 22 de junio, en uno de sus operativos de control de tr\u00e1fico y tenencia de vida silvestre, rescat\u00f3 un caim\u00e1n de frente lisa (Melanosuchus niger), en la provincia de Orellana. El animal estaba en una alcantarilla en la v\u00eda al Coca, cuando un habitante del sector lo captur\u00f3. Funcionarios del MAE y miembros&hellip; <a href=\"https:\/\/www.ambienteyenergia.gob.ec\/ambiente\/mae-rescata-caiman-de-frente-lisa-en-orellana\/\">Read more &rarr;<\/a><\/p>\n","protected":false},"author":13,"featured_media":12810,"comment_status":"open","ping_status":"open","sticky":false,"template":"","format":"standard","meta":{"footnotes":""},"categories":[16,4],"tags":[],"class_list":["post-12808","post","type-post","status-publish","format-standard","has-post-thumbnail","hentry","category-comunicamos","category-noticias","xfolkentry"],"_links":{"self":[{"href":"https:\/\/www.ambienteyenergia.gob.ec\/ambiente\/wp-json\/wp\/v2\/posts\/12808","targetHints":{"allow":["GET"]}}],"collection":[{"href":"https:\/\/www.ambienteyenergia.gob.ec\/ambiente\/wp-json\/wp\/v2\/posts"}],"about":[{"href":"https:\/\/www.ambienteyenergia.gob.ec\/ambiente\/wp-json\/wp\/v2\/types\/post"}],"author":[{"embeddable":true,"href":"https:\/\/www.ambienteyenergia.gob.ec\/ambiente\/wp-json\/wp\/v2\/users\/13"}],"replies":[{"embeddable":true,"href":"https:\/\/www.ambienteyenergia.gob.ec\/ambiente\/wp-json\/wp\/v2\/comments?post=12808"}],"version-history":[{"count":0,"href":"https:\/\/www.ambienteyenergia.gob.ec\/ambiente\/wp-json\/wp\/v2\/posts\/12808\/revisions"}],"wp:featuredmedia":[{"embeddable":true,"href":"https:\/\/www.ambienteyenergia.gob.ec\/ambiente\/wp-json\/wp\/v2\/media\/12810"}],"wp:attachment":[{"href":"https:\/\/www.ambienteyenergia.gob.ec\/ambiente\/wp-json\/wp\/v2\/media?parent=12808"}],"wp:term":[{"taxonomy":"category","embeddable":true,"href":"https:\/\/www.ambienteyenergia.gob.ec\/ambiente\/wp-json\/wp\/v2\/categories?post=12808"},{"taxonomy":"post_tag","embeddable":true,"href":"https:\/\/www.ambienteyenergia.gob.ec\/ambiente\/wp-json\/wp\/v2\/tags?post=12808"}],"curies":[{"name":"wp","href":"https:\/\/api.w.org\/{rel}","templated":true}]}}