{"id":12803,"date":"2013-06-27T10:53:42","date_gmt":"2013-06-27T15:53:42","guid":{"rendered":"http:\/\/www.ambiente.gob.ec\/?p=12803"},"modified":"2013-06-27T10:53:42","modified_gmt":"2013-06-27T15:53:42","slug":"promotores-ambientales-comunitarios-de-misahualli-visitaron-centro-de-rescate-amazonico-napo","status":"publish","type":"post","link":"https:\/\/www.ambienteyenergia.gob.ec\/ambiente\/promotores-ambientales-comunitarios-de-misahualli-visitaron-centro-de-rescate-amazonico-napo\/","title":{"rendered":"Promotores ambientales comunitarios de Misahualli visitaron Centro de Rescate Amaz\u00f3nico (Napo)"},"content":{"rendered":"<p style=\"text-align: justify;\">El Ministerio del Ambiente (MAE) realiz\u00f3 una salida de campo, el pasado 20 de junio, con la participaci\u00f3n de 20 representantes de 10 comunidades de Misahualli, como actividad complementaria al proceso de formaci\u00f3n del Promotores Ambientales Comunitarios que se desarrolla en la provincia de Napo. Esta jornada de educaci\u00f3n se efectu\u00f3 en el Centro de Rescate Amaz\u00f3nico, ubicado en la parroquia de Ahuano.<\/p>\n<p style=\"text-align: justify;\">Misahualli es la segunda parroquia part\u00edcipe de este proyecto debido a los problemas socioambientales que afronta actualmente, como la tenencia y manejo inadecuado de espec\u00edmenes de la vida silvestre. Por ello, el MAE hace \u00e9nfasis en la protecci\u00f3n de las especies y de la Biodiversidad.<\/p>\n<p style=\"text-align: justify;\">En la visita, los participantes comprendieron la responsabilidad que conlleva la tenencia y manejo de fauna silvestre. Representantes del centro explicaron el proceso de rescate y reinserci\u00f3n de animales e su h\u00e1bitat natural. Asimismo, el m\u00e9dico veterinario Alejandro Streindinger explic\u00f3 el proceso de recepci\u00f3n, chequeo y tratamiento m\u00e9dico que reciben los animales v\u00edctimas del tr\u00e1fico ilegal de especies.<\/p>\n<p style=\"text-align: justify;\">El MAE promueve estos Ecotalleres, con la finalidad de capacitar a los l\u00edderes de las comunidades y formar un equipo de promotores ambientales que repliquen estos conocimientos en sus respectivas comunidades y puedan establecer proyectos que ayuden a solucionar los conflictos que actualmente se presentan en esta Parroquia.<\/p>\n<p style=\"text-align: justify;\">Este proyecto se ejecuta en coordinaci\u00f3n con el Gobierno Aut\u00f3nomo Descentralizado Parroquial de Misahualli, bajo el convenio macro entre el MAE y el Consejo Nacional de Gobiernos Parroquiales Rurales del Ecuador (Coganopare), que se firm\u00f3 a inicios del 2013.<\/p>\n<div id='gallery-1' class='gallery galleryid-12803 gallery-columns-4 gallery-size-thumbnail'><dl class='gallery-item'>\n\t\t\t<dt class='gallery-icon landscape'>\n\t\t\t\t<a href='https:\/\/www.ambienteyenergia.gob.ec\/ambiente\/promotores-ambientales-comunitarios-de-misahualli-visitaron-centro-de-rescate-amazonico-napo\/t1-2\/'><img loading=\"lazy\" decoding=\"async\" width=\"150\" height=\"150\" src=\"https:\/\/www.ambienteyenergia.gob.ec\/ambiente\/wp-content\/uploads\/sites\/2\/2013\/06\/t1-150x150.jpg\" class=\"attachment-thumbnail size-thumbnail\" alt=\"\" \/><\/a>\n\t\t\t<\/dt><\/dl><dl class='gallery-item'>\n\t\t\t<dt class='gallery-icon landscape'>\n\t\t\t\t<a href='https:\/\/www.ambienteyenergia.gob.ec\/ambiente\/promotores-ambientales-comunitarios-de-misahualli-visitaron-centro-de-rescate-amazonico-napo\/t2\/'><img loading=\"lazy\" decoding=\"async\" width=\"150\" height=\"150\" src=\"https:\/\/www.ambienteyenergia.gob.ec\/ambiente\/wp-content\/uploads\/sites\/2\/2013\/06\/t2-150x150.jpg\" class=\"attachment-thumbnail size-thumbnail\" alt=\"\" \/><\/a>\n\t\t\t<\/dt><\/dl>\n\t\t\t<br style='clear: both' \/>\n\t\t<\/div>\n\n","protected":false},"excerpt":{"rendered":"<p class=\"excerpt\">El Ministerio del Ambiente (MAE) realiz\u00f3 una salida de campo, el pasado 20 de junio, con la participaci\u00f3n de 20 representantes de 10 comunidades de Misahualli, como actividad complementaria al proceso de formaci\u00f3n del Promotores Ambientales Comunitarios que se desarrolla en la provincia de Napo. Esta jornada de educaci\u00f3n se efectu\u00f3 en el Centro de Rescate Amaz\u00f3nico, ubicado en la&hellip; <a href=\"https:\/\/www.ambienteyenergia.gob.ec\/ambiente\/promotores-ambientales-comunitarios-de-misahualli-visitaron-centro-de-rescate-amazonico-napo\/\">Read more &rarr;<\/a><\/p>\n","protected":false},"author":13,"featured_media":12804,"comment_status":"open","ping_status":"open","sticky":false,"template":"","format":"standard","meta":{"footnotes":""},"categories":[16,4],"tags":[],"class_list":["post-12803","post","type-post","status-publish","format-standard","has-post-thumbnail","hentry","category-comunicamos","category-noticias","xfolkentry"],"_links":{"self":[{"href":"https:\/\/www.ambienteyenergia.gob.ec\/ambiente\/wp-json\/wp\/v2\/posts\/12803","targetHints":{"allow":["GET"]}}],"collection":[{"href":"https:\/\/www.ambienteyenergia.gob.ec\/ambiente\/wp-json\/wp\/v2\/posts"}],"about":[{"href":"https:\/\/www.ambienteyenergia.gob.ec\/ambiente\/wp-json\/wp\/v2\/types\/post"}],"author":[{"embeddable":true,"href":"https:\/\/www.ambienteyenergia.gob.ec\/ambiente\/wp-json\/wp\/v2\/users\/13"}],"replies":[{"embeddable":true,"href":"https:\/\/www.ambienteyenergia.gob.ec\/ambiente\/wp-json\/wp\/v2\/comments?post=12803"}],"version-history":[{"count":0,"href":"https:\/\/www.ambienteyenergia.gob.ec\/ambiente\/wp-json\/wp\/v2\/posts\/12803\/revisions"}],"wp:featuredmedia":[{"embeddable":true,"href":"https:\/\/www.ambienteyenergia.gob.ec\/ambiente\/wp-json\/wp\/v2\/media\/12804"}],"wp:attachment":[{"href":"https:\/\/www.ambienteyenergia.gob.ec\/ambiente\/wp-json\/wp\/v2\/media?parent=12803"}],"wp:term":[{"taxonomy":"category","embeddable":true,"href":"https:\/\/www.ambienteyenergia.gob.ec\/ambiente\/wp-json\/wp\/v2\/categories?post=12803"},{"taxonomy":"post_tag","embeddable":true,"href":"https:\/\/www.ambienteyenergia.gob.ec\/ambiente\/wp-json\/wp\/v2\/tags?post=12803"}],"curies":[{"name":"wp","href":"https:\/\/api.w.org\/{rel}","templated":true}]}}