{"id":12793,"date":"2013-06-26T18:55:30","date_gmt":"2013-06-26T23:55:30","guid":{"rendered":"http:\/\/www.ambiente.gob.ec\/?p=12793"},"modified":"2013-06-26T18:55:30","modified_gmt":"2013-06-26T23:55:30","slug":"viceministra-del-ambiente-inauguro-sexta-conferencia-de-las-partes-de-la-cit","status":"publish","type":"post","link":"https:\/\/www.ambienteyenergia.gob.ec\/ambiente\/viceministra-del-ambiente-inauguro-sexta-conferencia-de-las-partes-de-la-cit\/","title":{"rendered":"Viceministra del Ambiente inaugur\u00f3 Sexta Conferencia de las Partes de la CIT"},"content":{"rendered":"<p style=\"text-align: center;\">Encuentro t\u00e9cnico re\u00fane delegaciones de 12 pa\u00edses que analizan pol\u00edticas a nivel regional para la conservaci\u00f3n y protecci\u00f3n de las tortugas marinas.<\/p>\n<p style=\"text-align: justify;\">Delegaciones de 12 pa\u00edses iniciaron hoy una jornada de tres d\u00edas de trabajo t\u00e9cnico en la Sexta Conferencia de las Partes de la Convenci\u00f3n Interamericana para la Protecci\u00f3n y Conservaci\u00f3n de las Tortugas Marinas (CIT), que se desarrolla en el Centro de Interpretaci\u00f3n Comunitaria Miguel Cifuentes, en Puerto Ayora, en la isla Santa Cruz, Gal\u00e1pagos.<\/p>\n<p style=\"text-align: justify;\">El proteger, conservar y recuperar poblaciones de tortugas marinas y sus h\u00e1bitat es el objetivo principal de la CIT, teniendo en consideraci\u00f3n las especificidades ambientales, socioecon\u00f3micas y culturales de cada uno de los pa\u00edses partes.<\/p>\n<p style=\"text-align: justify;\">\n<p style=\"text-align: justify;\">La Viceministra del Ambiente, M\u00f3nica Hidalgo, inaugur\u00f3 el evento que tiene como sede a Gal\u00e1pagos, despu\u00e9s de que la CIT acogi\u00f3 la propuesta del Gobierno considerando los esfuerzos que Ecuador ha desarrollado en este tema, especialmente el Parque Nacional Gal\u00e1pagos, por ser uno de los principales sitios de anidaci\u00f3n de la tortuga verde (Chelonia mydas).<\/p>\n<p style=\"text-align: justify;\">\u201cCuidar las especies marinas es una responsabilidad compartida. Compartida no solo entre los usuarios de nuestros mares y las autoridades, quienes estamos llamados a establecer las pol\u00edticas ambientales, sino que adem\u00e1s es compartida con otros pa\u00edses de la regi\u00f3n, porque las especies marinas migratorias, como las tortugas, no conocen de estos l\u00edmites mar\u00edtimos\u201d, afirm\u00f3 Hidalgo.<\/p>\n<p style=\"text-align: justify;\">\n<p style=\"text-align: justify;\">La Viceministra tambi\u00e9n destac\u00f3 los logros alcanzados por la CIT entre los cuales se encuentran dos resoluciones para la protecci\u00f3n de especies en peligro cr\u00edtico de extinci\u00f3n, como son la tortuga baula (Dermochelys coriacea) y la tortuga carey (Eretmochelys imbricata).<\/p>\n<p style=\"text-align: justify;\">Las delegaciones de Argentina, Brasil, Costa Rica, Chile, Ecuador, Estados Unidos, Guatemala, Per\u00fa, Panam\u00e1, Holanda y M\u00e9xico iniciaron esta ma\u00f1ana el an\u00e1lisis de diversos temas.<\/p>\n<p style=\"text-align: justify;\">\n<p style=\"text-align: justify;\">El Director del Parque Nacional Gal\u00e1pagos (DPNG), Edwin Naula, afirm\u00f3 que desde Gal\u00e1pagos, el Gobierno Ecuatoriano plantea pol\u00edticas que deben adoptarse en toda la regi\u00f3n, para que los objetivos de conservaci\u00f3n de estas especies, que tienen una alta importancia ecol\u00f3gica en los ecosistema marinos, sean comunes y logremos mejores resultados.<\/p>\n<p style=\"text-align: justify;\">En esta primera jornada fue presentado un informe sobre la situaci\u00f3n de la tortuga baula del Pac\u00edfico Oriental. Tambi\u00e9n el establecimiento y operaci\u00f3n de una Secretar\u00eda Permanente del Grupo de Trabajo de la CIT.<\/p>\n<div id='gallery-1' class='gallery galleryid-12793 gallery-columns-4 gallery-size-thumbnail'><dl class='gallery-item'>\n\t\t\t<dt class='gallery-icon landscape'>\n\t\t\t\t<a href='https:\/\/www.ambienteyenergia.gob.ec\/ambiente\/viceministra-del-ambiente-inauguro-sexta-conferencia-de-las-partes-de-la-cit\/vice-1\/'><img loading=\"lazy\" decoding=\"async\" width=\"150\" height=\"150\" src=\"https:\/\/www.ambienteyenergia.gob.ec\/ambiente\/wp-content\/uploads\/sites\/2\/2013\/06\/vice-1-150x150.jpg\" class=\"attachment-thumbnail size-thumbnail\" alt=\"\" \/><\/a>\n\t\t\t<\/dt><\/dl><dl class='gallery-item'>\n\t\t\t<dt class='gallery-icon landscape'>\n\t\t\t\t<a href='https:\/\/www.ambienteyenergia.gob.ec\/ambiente\/viceministra-del-ambiente-inauguro-sexta-conferencia-de-las-partes-de-la-cit\/vice-2\/'><img loading=\"lazy\" decoding=\"async\" width=\"150\" height=\"150\" src=\"https:\/\/www.ambienteyenergia.gob.ec\/ambiente\/wp-content\/uploads\/sites\/2\/2013\/06\/vice-2-150x150.jpg\" class=\"attachment-thumbnail size-thumbnail\" alt=\"\" \/><\/a>\n\t\t\t<\/dt><\/dl><dl class='gallery-item'>\n\t\t\t<dt class='gallery-icon landscape'>\n\t\t\t\t<a href='https:\/\/www.ambienteyenergia.gob.ec\/ambiente\/viceministra-del-ambiente-inauguro-sexta-conferencia-de-las-partes-de-la-cit\/vice-3\/'><img loading=\"lazy\" decoding=\"async\" width=\"150\" height=\"150\" src=\"https:\/\/www.ambienteyenergia.gob.ec\/ambiente\/wp-content\/uploads\/sites\/2\/2013\/06\/vice-3-150x150.jpg\" class=\"attachment-thumbnail size-thumbnail\" alt=\"\" \/><\/a>\n\t\t\t<\/dt><\/dl>\n\t\t\t<br style='clear: both' \/>\n\t\t<\/div>\n\n<p>&nbsp;<\/p>\n<p style=\"text-align: justify;\">\n<p style=\"text-align: justify;\">\n","protected":false},"excerpt":{"rendered":"<p class=\"excerpt\">Encuentro t\u00e9cnico re\u00fane delegaciones de 12 pa\u00edses que analizan pol\u00edticas a nivel regional para la conservaci\u00f3n y protecci\u00f3n de las tortugas marinas. Delegaciones de 12 pa\u00edses iniciaron hoy una jornada de tres d\u00edas de trabajo t\u00e9cnico en la Sexta Conferencia de las Partes de la Convenci\u00f3n Interamericana para la Protecci\u00f3n y Conservaci\u00f3n de las Tortugas Marinas (CIT), que se desarrolla&hellip; <a href=\"https:\/\/www.ambienteyenergia.gob.ec\/ambiente\/viceministra-del-ambiente-inauguro-sexta-conferencia-de-las-partes-de-la-cit\/\">Read more &rarr;<\/a><\/p>\n","protected":false},"author":13,"featured_media":12794,"comment_status":"open","ping_status":"open","sticky":false,"template":"","format":"standard","meta":{"footnotes":""},"categories":[16,4],"tags":[],"class_list":["post-12793","post","type-post","status-publish","format-standard","has-post-thumbnail","hentry","category-comunicamos","category-noticias","xfolkentry"],"_links":{"self":[{"href":"https:\/\/www.ambienteyenergia.gob.ec\/ambiente\/wp-json\/wp\/v2\/posts\/12793","targetHints":{"allow":["GET"]}}],"collection":[{"href":"https:\/\/www.ambienteyenergia.gob.ec\/ambiente\/wp-json\/wp\/v2\/posts"}],"about":[{"href":"https:\/\/www.ambienteyenergia.gob.ec\/ambiente\/wp-json\/wp\/v2\/types\/post"}],"author":[{"embeddable":true,"href":"https:\/\/www.ambienteyenergia.gob.ec\/ambiente\/wp-json\/wp\/v2\/users\/13"}],"replies":[{"embeddable":true,"href":"https:\/\/www.ambienteyenergia.gob.ec\/ambiente\/wp-json\/wp\/v2\/comments?post=12793"}],"version-history":[{"count":0,"href":"https:\/\/www.ambienteyenergia.gob.ec\/ambiente\/wp-json\/wp\/v2\/posts\/12793\/revisions"}],"wp:featuredmedia":[{"embeddable":true,"href":"https:\/\/www.ambienteyenergia.gob.ec\/ambiente\/wp-json\/wp\/v2\/media\/12794"}],"wp:attachment":[{"href":"https:\/\/www.ambienteyenergia.gob.ec\/ambiente\/wp-json\/wp\/v2\/media?parent=12793"}],"wp:term":[{"taxonomy":"category","embeddable":true,"href":"https:\/\/www.ambienteyenergia.gob.ec\/ambiente\/wp-json\/wp\/v2\/categories?post=12793"},{"taxonomy":"post_tag","embeddable":true,"href":"https:\/\/www.ambienteyenergia.gob.ec\/ambiente\/wp-json\/wp\/v2\/tags?post=12793"}],"curies":[{"name":"wp","href":"https:\/\/api.w.org\/{rel}","templated":true}]}}