{"id":12780,"date":"2013-06-26T16:44:52","date_gmt":"2013-06-26T21:44:52","guid":{"rendered":"http:\/\/www.ambiente.gob.ec\/?p=12780"},"modified":"2013-06-26T16:44:52","modified_gmt":"2013-06-26T21:44:52","slug":"mae-participo-en-ii-congreso-de-derecho-en-mineria","status":"publish","type":"post","link":"https:\/\/www.ambienteyenergia.gob.ec\/ambiente\/mae-participo-en-ii-congreso-de-derecho-en-mineria\/","title":{"rendered":"MAE particip\u00f3 en II Congreso de Derecho en Miner\u00eda"},"content":{"rendered":"<p style=\"text-align: justify;\">Hoy, el Ministerio del Ambiente (MAE) particip\u00f3 en el II Congreso de Derecho en Miner\u00eda, que se desarroll\u00f3 en el Swissotel, en la ciudad de Quito. El evento organizado por la C\u00e1mara de Miner\u00eda del Ecuador y Andrade Veloz Abogados, trat\u00f3 temas como el Proyecto de Ley Org\u00e1nica Reformatoria a la Ley de Miner\u00eda y c\u00f3mo ejercer esta actividad responsablemente.<\/p>\n<p style=\"text-align: justify;\">Ra\u00fal Brito, Asesor Minero, en representaci\u00f3n de la Ministra del Ambiente, Lorena Tapia, expuso los puntos de vista de esta Cartera de Estado respecto al tema minero y explic\u00f3 las reformas al proceso de licenciamiento ambiental.<\/p>\n<p style=\"text-align: justify;\">El MAE como principal autoridad ambiental nacional, es el responsable de licenciar la actividad minera pero tambi\u00e9n tiene la virtud de retirar licencias sino se trabaja adecuadamente. Si bien los procesos de licenciamiento son considerados largos, el tiempo \u00f3ptimo para entregar una licencia ambiental es de 105 d\u00edas, con el fin de que todos los estudios est\u00e9n bien sustentados para que la empresa minera tenga un respaldo legal coherente, afirm\u00f3 Brito.<\/p>\n<p style=\"text-align: justify;\">Para mejorar la eficiencia y agilidad en procesos de licenciamiento, esta Cartera de Estado ha planteado estrategias que faciliten el tiempo de emisi\u00f3n de permisos ambientales, una de ellas es la plataformas del Sistema \u00danico de Informaci\u00f3n Ambiental (SUIA).<\/p>\n<p style=\"text-align: justify;\">Asimismo, Brito expuso las metodolog\u00edas que se utilizan para el licenciamiento y control ambiental como el certificado de intersecci\u00f3n, t\u00e9rminos de referencia, participaci\u00f3n social, auditor\u00eda ambiental, pago de tasas, licenciamiento ambiental, seguimiento ambiental y la suspensi\u00f3n o revocatoria (en caso de que se caduque la fase o cuando no se haya cumplido correctamente el plan de manejo).<\/p>\n<p style=\"text-align: justify;\">Respecto a las reformas de la ley de miner\u00eda, Brito mencion\u00f3 que se va a realizar una categorizaci\u00f3n pensando en el ahorro de recursos naturales y humanos, pues no todos los proyectos son iguales. Ahora la propuesta es distinguir entre la ficha ambiental, la declaratoria ambiental y el estudio de impacto ambiental.<\/p>\n<p style=\"text-align: justify;\">El MAE apoya una miner\u00eda consciente y responsable con la naturaleza, aplicando tecnolog\u00edas eficientes, cuidado al entorno, inclusi\u00f3n social y generaci\u00f3n de prosperidad, con una base de respeto y transparencia, respetando la ley vigente.<\/p>\n<p style=\"text-align: justify;\"><strong>El dato<\/strong><\/p>\n<p style=\"text-align: justify;\">El MAE ha emitido 118 licencias ambientales para el sector minero en todo el pa\u00eds hasta la fecha.<\/p>\n<div id='gallery-1' class='gallery galleryid-12780 gallery-columns-4 gallery-size-thumbnail'><dl class='gallery-item'>\n\t\t\t<dt class='gallery-icon landscape'>\n\t\t\t\t<a href='https:\/\/www.ambienteyenergia.gob.ec\/ambiente\/mae-participo-en-ii-congreso-de-derecho-en-mineria\/foro-1\/'><img loading=\"lazy\" decoding=\"async\" width=\"150\" height=\"150\" src=\"https:\/\/www.ambienteyenergia.gob.ec\/ambiente\/wp-content\/uploads\/sites\/2\/2013\/06\/foro-1-150x150.jpg\" class=\"attachment-thumbnail size-thumbnail\" alt=\"\" \/><\/a>\n\t\t\t<\/dt><\/dl><dl class='gallery-item'>\n\t\t\t<dt class='gallery-icon landscape'>\n\t\t\t\t<a href='https:\/\/www.ambienteyenergia.gob.ec\/ambiente\/mae-participo-en-ii-congreso-de-derecho-en-mineria\/foro-2\/'><img loading=\"lazy\" decoding=\"async\" width=\"150\" height=\"150\" src=\"https:\/\/www.ambienteyenergia.gob.ec\/ambiente\/wp-content\/uploads\/sites\/2\/2013\/06\/foro-2-150x150.jpg\" class=\"attachment-thumbnail size-thumbnail\" alt=\"\" \/><\/a>\n\t\t\t<\/dt><\/dl><dl class='gallery-item'>\n\t\t\t<dt class='gallery-icon landscape'>\n\t\t\t\t<a href='https:\/\/www.ambienteyenergia.gob.ec\/ambiente\/mae-participo-en-ii-congreso-de-derecho-en-mineria\/foro-3\/'><img loading=\"lazy\" decoding=\"async\" width=\"150\" height=\"150\" src=\"https:\/\/www.ambienteyenergia.gob.ec\/ambiente\/wp-content\/uploads\/sites\/2\/2013\/06\/foro-3-150x150.jpg\" class=\"attachment-thumbnail size-thumbnail\" alt=\"\" \/><\/a>\n\t\t\t<\/dt><\/dl><dl class='gallery-item'>\n\t\t\t<dt class='gallery-icon landscape'>\n\t\t\t\t<a href='https:\/\/www.ambienteyenergia.gob.ec\/ambiente\/mae-participo-en-ii-congreso-de-derecho-en-mineria\/foro-4\/'><img loading=\"lazy\" decoding=\"async\" width=\"150\" height=\"150\" src=\"https:\/\/www.ambienteyenergia.gob.ec\/ambiente\/wp-content\/uploads\/sites\/2\/2013\/06\/foro-4-150x150.jpg\" class=\"attachment-thumbnail size-thumbnail\" alt=\"\" \/><\/a>\n\t\t\t<\/dt><\/dl><br style=\"clear: both\" \/>\n\t\t<\/div>\n\n","protected":false},"excerpt":{"rendered":"<p class=\"excerpt\">Hoy, el Ministerio del Ambiente (MAE) particip\u00f3 en el II Congreso de Derecho en Miner\u00eda, que se desarroll\u00f3 en el Swissotel, en la ciudad de Quito. El evento organizado por la C\u00e1mara de Miner\u00eda del Ecuador y Andrade Veloz Abogados, trat\u00f3 temas como el Proyecto de Ley Org\u00e1nica Reformatoria a la Ley de Miner\u00eda y c\u00f3mo ejercer esta actividad responsablemente.&hellip; <a href=\"https:\/\/www.ambienteyenergia.gob.ec\/ambiente\/mae-participo-en-ii-congreso-de-derecho-en-mineria\/\">Read more &rarr;<\/a><\/p>\n","protected":false},"author":13,"featured_media":12781,"comment_status":"open","ping_status":"open","sticky":false,"template":"","format":"standard","meta":{"footnotes":""},"categories":[16,4],"tags":[],"class_list":["post-12780","post","type-post","status-publish","format-standard","has-post-thumbnail","hentry","category-comunicamos","category-noticias","xfolkentry"],"_links":{"self":[{"href":"https:\/\/www.ambienteyenergia.gob.ec\/ambiente\/wp-json\/wp\/v2\/posts\/12780","targetHints":{"allow":["GET"]}}],"collection":[{"href":"https:\/\/www.ambienteyenergia.gob.ec\/ambiente\/wp-json\/wp\/v2\/posts"}],"about":[{"href":"https:\/\/www.ambienteyenergia.gob.ec\/ambiente\/wp-json\/wp\/v2\/types\/post"}],"author":[{"embeddable":true,"href":"https:\/\/www.ambienteyenergia.gob.ec\/ambiente\/wp-json\/wp\/v2\/users\/13"}],"replies":[{"embeddable":true,"href":"https:\/\/www.ambienteyenergia.gob.ec\/ambiente\/wp-json\/wp\/v2\/comments?post=12780"}],"version-history":[{"count":0,"href":"https:\/\/www.ambienteyenergia.gob.ec\/ambiente\/wp-json\/wp\/v2\/posts\/12780\/revisions"}],"wp:featuredmedia":[{"embeddable":true,"href":"https:\/\/www.ambienteyenergia.gob.ec\/ambiente\/wp-json\/wp\/v2\/media\/12781"}],"wp:attachment":[{"href":"https:\/\/www.ambienteyenergia.gob.ec\/ambiente\/wp-json\/wp\/v2\/media?parent=12780"}],"wp:term":[{"taxonomy":"category","embeddable":true,"href":"https:\/\/www.ambienteyenergia.gob.ec\/ambiente\/wp-json\/wp\/v2\/categories?post=12780"},{"taxonomy":"post_tag","embeddable":true,"href":"https:\/\/www.ambienteyenergia.gob.ec\/ambiente\/wp-json\/wp\/v2\/tags?post=12780"}],"curies":[{"name":"wp","href":"https:\/\/api.w.org\/{rel}","templated":true}]}}