{"id":12768,"date":"2013-06-26T15:53:17","date_gmt":"2013-06-26T20:53:17","guid":{"rendered":"http:\/\/www.ambiente.gob.ec\/?p=12768"},"modified":"2013-06-26T16:00:28","modified_gmt":"2013-06-26T21:00:28","slug":"mae-realizo-inspeccion-de-control-y-seguimiento-a-la-planta-estambul-perteneciente-a-la-empresa-oriental-industria-alimenticia-o-i-a-cia-ltda-en-la-provincia-de-los-rios","status":"publish","type":"post","link":"https:\/\/www.ambienteyenergia.gob.ec\/ambiente\/mae-realizo-inspeccion-de-control-y-seguimiento-a-la-planta-estambul-perteneciente-a-la-empresa-oriental-industria-alimenticia-o-i-a-cia-ltda-en-la-provincia-de-los-rios\/","title":{"rendered":"MAE realiz\u00f3 Inspecci\u00f3n de Control y Seguimiento a la Planta Estambul perteneciente a la Empresa \u201cOriental Industria Alimenticia O.I.A. Cia. Ltda\u201d en la Provincia de Los R\u00edos"},"content":{"rendered":"<p style=\"text-align: justify;\">El viernes 21 de junio, el Ministerio del Ambiente (MAE), a trav\u00e9s de la Direcci\u00f3n Provincial de Los R\u00edos, realiz\u00f3 una inspecci\u00f3n en las instalaciones de la Planta Estambul perteneciente a la Empresa \u201cOriental Industria Alimenticia O.I.A. Cia. Ltda\u201d, con el fin de verificar los impactos al ambiente generados por el proceso productivo de salsa de aj\u00ed.<\/p>\n<p style=\"text-align: justify;\">En la inspecci\u00f3n participaron funcionarios de esta Cartera de Estado, Ministerio de Salud P\u00fablica, Ministerio del Interior y Gobierno Aut\u00f3nomo Descentralizado (GAD) de Quevedo. Durante el recorrido, se evidenci\u00f3 la presencia de olores ofensivos provenientes del \u00e1rea donde se realiza el proceso de salsa de aj\u00ed, los cuales fueron percibidos hasta los exteriores de la Planta Estambul.<\/p>\n<p style=\"text-align: justify;\">Al entrevistar a varias familias del sector expresaron su malestar por esta situaci\u00f3n, ante lo cual los funcionarios de la diferentes instituciones comunicaron que se tomar\u00e1n acciones en el marco de sus competencias.<\/p>\n<p style=\"text-align: justify;\">El MAE ejecutar\u00e1 constantemente inspecciones de control con el objetivo de velar por el cumplimiento del Plan de Manejo Ambiental y as\u00ed evitar que la poblaci\u00f3n aleda\u00f1a siga siendo afectada por esta actividad.<\/p>\n<p style=\"text-align: justify;\"><strong>El Dato:<\/strong><\/p>\n<p style=\"text-align: justify;\">La Planta Estambul cuenta con Licencia Ambiental otorgada mediante Resoluci\u00f3n No. 021 del 14 de junio del 2013.<\/p>\n<p style=\"text-align: justify;\"><strong>Antecedentes<\/strong><\/p>\n<p style=\"text-align: justify;\">Mediante Oficio Nro. MAE-DPALR-2013-1037, del 17 de junio del 2013, la Direcci\u00f3n Provincial del Ambiente de Los R\u00edos dispuso que en el t\u00e9rmino perentorio de dos d\u00edas se suspenda las actividades del proceso productivo de salsa de aj\u00ed, debido a los olores ofensivos que genera hacia la poblaci\u00f3n dentro del \u00e1rea de influencia directa.<\/p>\n<p style=\"text-align: justify;\">Mediante Oficio Nro. MAE-DPALR-2013-1040, del 17 de junio del 2013 se solicit\u00f3 la participaci\u00f3n en una inspecci\u00f3n de control conjunta entre el Ministerio del Ambiente, Ministerio de Salud P\u00fablica, Ministerio del Interior (Subintendencia) y Gobierno Aut\u00f3nomo Descentralizado Municipal del cant\u00f3n Quevedo.<\/p>\n<div id='gallery-1' class='gallery galleryid-12768 gallery-columns-4 gallery-size-thumbnail'><dl class='gallery-item'>\n\t\t\t<dt class='gallery-icon landscape'>\n\t\t\t\t<a href='https:\/\/www.ambienteyenergia.gob.ec\/ambiente\/mae-realizo-inspeccion-de-control-y-seguimiento-a-la-planta-estambul-perteneciente-a-la-empresa-oriental-industria-alimenticia-o-i-a-cia-ltda-en-la-provincia-de-los-rios\/sony-dsc-38\/'><img loading=\"lazy\" decoding=\"async\" width=\"150\" height=\"150\" src=\"https:\/\/www.ambienteyenergia.gob.ec\/ambiente\/wp-content\/uploads\/sites\/2\/2013\/06\/s1-150x150.jpg\" class=\"attachment-thumbnail size-thumbnail\" alt=\"\" \/><\/a>\n\t\t\t<\/dt><\/dl><dl class='gallery-item'>\n\t\t\t<dt class='gallery-icon landscape'>\n\t\t\t\t<a href='https:\/\/www.ambienteyenergia.gob.ec\/ambiente\/mae-realizo-inspeccion-de-control-y-seguimiento-a-la-planta-estambul-perteneciente-a-la-empresa-oriental-industria-alimenticia-o-i-a-cia-ltda-en-la-provincia-de-los-rios\/sony-dsc-39\/'><img loading=\"lazy\" decoding=\"async\" width=\"150\" height=\"150\" src=\"https:\/\/www.ambienteyenergia.gob.ec\/ambiente\/wp-content\/uploads\/sites\/2\/2013\/06\/s2-150x150.jpg\" class=\"attachment-thumbnail size-thumbnail\" alt=\"\" \/><\/a>\n\t\t\t<\/dt><\/dl><dl class='gallery-item'>\n\t\t\t<dt class='gallery-icon landscape'>\n\t\t\t\t<a href='https:\/\/www.ambienteyenergia.gob.ec\/ambiente\/mae-realizo-inspeccion-de-control-y-seguimiento-a-la-planta-estambul-perteneciente-a-la-empresa-oriental-industria-alimenticia-o-i-a-cia-ltda-en-la-provincia-de-los-rios\/sony-dsc-40\/'><img loading=\"lazy\" decoding=\"async\" width=\"150\" height=\"150\" src=\"https:\/\/www.ambienteyenergia.gob.ec\/ambiente\/wp-content\/uploads\/sites\/2\/2013\/06\/s3-150x150.jpg\" class=\"attachment-thumbnail size-thumbnail\" alt=\"\" \/><\/a>\n\t\t\t<\/dt><\/dl><dl class='gallery-item'>\n\t\t\t<dt class='gallery-icon landscape'>\n\t\t\t\t<a href='https:\/\/www.ambienteyenergia.gob.ec\/ambiente\/mae-realizo-inspeccion-de-control-y-seguimiento-a-la-planta-estambul-perteneciente-a-la-empresa-oriental-industria-alimenticia-o-i-a-cia-ltda-en-la-provincia-de-los-rios\/sony-dsc-41\/'><img loading=\"lazy\" decoding=\"async\" width=\"150\" height=\"150\" src=\"https:\/\/www.ambienteyenergia.gob.ec\/ambiente\/wp-content\/uploads\/sites\/2\/2013\/06\/s51-150x150.jpg\" class=\"attachment-thumbnail size-thumbnail\" alt=\"\" \/><\/a>\n\t\t\t<\/dt><\/dl><br style=\"clear: both\" \/><dl class='gallery-item'>\n\t\t\t<dt class='gallery-icon landscape'>\n\t\t\t\t<a href='https:\/\/www.ambienteyenergia.gob.ec\/ambiente\/mae-realizo-inspeccion-de-control-y-seguimiento-a-la-planta-estambul-perteneciente-a-la-empresa-oriental-industria-alimenticia-o-i-a-cia-ltda-en-la-provincia-de-los-rios\/sony-dsc-42\/'><img loading=\"lazy\" decoding=\"async\" width=\"150\" height=\"150\" src=\"https:\/\/www.ambienteyenergia.gob.ec\/ambiente\/wp-content\/uploads\/sites\/2\/2013\/06\/s4-150x150.jpg\" class=\"attachment-thumbnail size-thumbnail\" alt=\"\" \/><\/a>\n\t\t\t<\/dt><\/dl><dl class='gallery-item'>\n\t\t\t<dt class='gallery-icon landscape'>\n\t\t\t\t<a href='https:\/\/www.ambienteyenergia.gob.ec\/ambiente\/mae-realizo-inspeccion-de-control-y-seguimiento-a-la-planta-estambul-perteneciente-a-la-empresa-oriental-industria-alimenticia-o-i-a-cia-ltda-en-la-provincia-de-los-rios\/sony-dsc-37\/'><img loading=\"lazy\" decoding=\"async\" width=\"150\" height=\"150\" src=\"https:\/\/www.ambienteyenergia.gob.ec\/ambiente\/wp-content\/uploads\/sites\/2\/2013\/06\/s5-150x150.jpg\" class=\"attachment-thumbnail size-thumbnail\" alt=\"\" \/><\/a>\n\t\t\t<\/dt><\/dl>\n\t\t\t<br style='clear: both' \/>\n\t\t<\/div>\n\n","protected":false},"excerpt":{"rendered":"<p class=\"excerpt\">El viernes 21 de junio, el Ministerio del Ambiente (MAE), a trav\u00e9s de la Direcci\u00f3n Provincial de Los R\u00edos, realiz\u00f3 una inspecci\u00f3n en las instalaciones de la Planta Estambul perteneciente a la Empresa \u201cOriental Industria Alimenticia O.I.A. Cia. Ltda\u201d, con el fin de verificar los impactos al ambiente generados por el proceso productivo de salsa de aj\u00ed. En la inspecci\u00f3n&hellip; <a href=\"https:\/\/www.ambienteyenergia.gob.ec\/ambiente\/mae-realizo-inspeccion-de-control-y-seguimiento-a-la-planta-estambul-perteneciente-a-la-empresa-oriental-industria-alimenticia-o-i-a-cia-ltda-en-la-provincia-de-los-rios\/\">Read more &rarr;<\/a><\/p>\n","protected":false},"author":13,"featured_media":12777,"comment_status":"open","ping_status":"open","sticky":false,"template":"","format":"standard","meta":{"footnotes":""},"categories":[16,4],"tags":[],"class_list":["post-12768","post","type-post","status-publish","format-standard","has-post-thumbnail","hentry","category-comunicamos","category-noticias","xfolkentry"],"_links":{"self":[{"href":"https:\/\/www.ambienteyenergia.gob.ec\/ambiente\/wp-json\/wp\/v2\/posts\/12768","targetHints":{"allow":["GET"]}}],"collection":[{"href":"https:\/\/www.ambienteyenergia.gob.ec\/ambiente\/wp-json\/wp\/v2\/posts"}],"about":[{"href":"https:\/\/www.ambienteyenergia.gob.ec\/ambiente\/wp-json\/wp\/v2\/types\/post"}],"author":[{"embeddable":true,"href":"https:\/\/www.ambienteyenergia.gob.ec\/ambiente\/wp-json\/wp\/v2\/users\/13"}],"replies":[{"embeddable":true,"href":"https:\/\/www.ambienteyenergia.gob.ec\/ambiente\/wp-json\/wp\/v2\/comments?post=12768"}],"version-history":[{"count":0,"href":"https:\/\/www.ambienteyenergia.gob.ec\/ambiente\/wp-json\/wp\/v2\/posts\/12768\/revisions"}],"wp:featuredmedia":[{"embeddable":true,"href":"https:\/\/www.ambienteyenergia.gob.ec\/ambiente\/wp-json\/wp\/v2\/media\/12777"}],"wp:attachment":[{"href":"https:\/\/www.ambienteyenergia.gob.ec\/ambiente\/wp-json\/wp\/v2\/media?parent=12768"}],"wp:term":[{"taxonomy":"category","embeddable":true,"href":"https:\/\/www.ambienteyenergia.gob.ec\/ambiente\/wp-json\/wp\/v2\/categories?post=12768"},{"taxonomy":"post_tag","embeddable":true,"href":"https:\/\/www.ambienteyenergia.gob.ec\/ambiente\/wp-json\/wp\/v2\/tags?post=12768"}],"curies":[{"name":"wp","href":"https:\/\/api.w.org\/{rel}","templated":true}]}}