{"id":12763,"date":"2013-06-26T13:33:06","date_gmt":"2013-06-26T18:33:06","guid":{"rendered":"http:\/\/www.ambiente.gob.ec\/?p=12763"},"modified":"2013-06-26T13:33:06","modified_gmt":"2013-06-26T18:33:06","slug":"mae-promueve-conservacion-y-recuperacion-de-bosques-tropicales","status":"publish","type":"post","link":"https:\/\/www.ambienteyenergia.gob.ec\/ambiente\/mae-promueve-conservacion-y-recuperacion-de-bosques-tropicales\/","title":{"rendered":"MAE promueve conservaci\u00f3n y recuperaci\u00f3n de bosques tropicales"},"content":{"rendered":"<p style=\"text-align: justify;\">Hoy, se celebra el D\u00eda de los Bosques Tropicales con el objetivo de concienciar a la poblaci\u00f3n sobre la protecci\u00f3n y el uso adecuado de sus recursos. En ese sentido, el Ministerio del Ambiente (MAE) trabaja en la conservaci\u00f3n y preservaci\u00f3n de estos ecosistemas con el fin de mejorar las condiciones ambientales y sociales, a trav\u00e9s de un aprovechamiento sostenible de los mismos.<\/p>\n<p style=\"text-align: justify;\">En Ecuador, los bosques tropicales se encuentran en las provincias de Esmeraldas, Santo Domingo de los Ts\u00e1chilas y en toda la regi\u00f3n amaz\u00f3nica. Estas especies alcanzan entre los 30 a 40 m y pueden llegar hasta los 50 m. Asimismo, ofrecen m\u00faltiples beneficios como la regulaci\u00f3n del ciclo de agua y el clima, producen ox\u00edgeno y absorben di\u00f3xido de carbono, controlan inundaciones, evitan la erosi\u00f3n, proveen de alimentos y promueven la conservaci\u00f3n de la biodiversidad, entre otros bienes y servicios.<\/p>\n<p style=\"text-align: justify;\">Entre las principales amenazas que se producen en este tipo de ecosistemas, constan la deforestaci\u00f3n, la transformaci\u00f3n del uso de suelo, la expansi\u00f3n de la frontera agr\u00edcola y \u00e1reas pobladas.<\/p>\n<p style=\"text-align: justify;\">En respuesta a esta problem\u00e1tica, el MAE a trav\u00e9s del Programa Socio Bosque conserva alrededor de 888 mil hect\u00e1reas de bosques h\u00famedos tropicales beneficiando a cerca de 5 mil ciudadanos con el incentivo econ\u00f3mico que entrega esta Cartera de Estado por su mantenimiento.<\/p>\n<p style=\"text-align: justify;\">Por otro lado, el nuevo modelo de reforestaci\u00f3n del MAE tiene planificado sembrar 4 341, 33 hect\u00e1reas de bosques tropicales en las provincias de Esmeraldas, Morona Santiago, Orellana y Santo Domingo de los Ts\u00e1chilas, entre el a\u00f1o 2013 y 2014.<\/p>\n<p style=\"text-align: justify;\">Igualmente, el Ministerio trabaja en pol\u00edticas incluyentes y participativas que permitan al pa\u00eds recuperar de manera responsable los bosques tropicales.<\/p>\n<p style=\"text-align: justify;\"><strong>Datos importantes<\/strong><strong><\/strong><\/p>\n<p style=\"text-align: justify;\">En la selva h\u00fameda tropical ecuatoriana se han encontrado m\u00e1s de 200 especies de \u00e1rboles por hect\u00e1rea, casi 10 veces m\u00e1s que los m\u00e1s ricos bosques templados de Norteam\u00e9rica. (Ceibos, guayac\u00e1n, cedro, caoba).<\/p>\n<p style=\"text-align: justify;\">Por otro lado, en cuanto a la diversidad en especies animales, se estima que el n\u00famero de vertebrados, que incluye peces, anfibios, reptiles, aves y mam\u00edferos, que sobrepasan la cifra de 3 500, de los cuales 1 600 son aves. Estos atributos han justificado la inclusi\u00f3n del Ecuador en el peque\u00f1o grupo de pa\u00edses m\u00e1s megadiversos del mundo.<\/p>\n<p style=\"text-align: justify;\"><a href=\"http:\/\/www.ambienteyenergia.gob.ec\/ambiente\/wp-content\/uploads\/2013\/06\/dia-de-los-bosques-tropicales.jpg\"><img loading=\"lazy\" decoding=\"async\" class=\"aligncenter size-full wp-image-12764\" title=\"dia-de-los-bosques-tropicales\" src=\"http:\/\/www.ambienteyenergia.gob.ec\/ambiente\/wp-content\/uploads\/2013\/06\/dia-de-los-bosques-tropicales.jpg\" alt=\"\" width=\"843\" height=\"403\" srcset=\"https:\/\/www.ambienteyenergia.gob.ec\/ambiente\/wp-content\/uploads\/sites\/2\/2013\/06\/dia-de-los-bosques-tropicales.jpg 843w, https:\/\/www.ambienteyenergia.gob.ec\/ambiente\/wp-content\/uploads\/sites\/2\/2013\/06\/dia-de-los-bosques-tropicales-300x143.jpg 300w, https:\/\/www.ambienteyenergia.gob.ec\/ambiente\/wp-content\/uploads\/sites\/2\/2013\/06\/dia-de-los-bosques-tropicales-500x239.jpg 500w\" sizes=\"auto, (max-width: 843px) 100vw, 843px\" \/><\/a><\/p>\n","protected":false},"excerpt":{"rendered":"<p class=\"excerpt\">Hoy, se celebra el D\u00eda de los Bosques Tropicales con el objetivo de concienciar a la poblaci\u00f3n sobre la protecci\u00f3n y el uso adecuado de sus recursos. En ese sentido, el Ministerio del Ambiente (MAE) trabaja en la conservaci\u00f3n y preservaci\u00f3n de estos ecosistemas con el fin de mejorar las condiciones ambientales y sociales, a trav\u00e9s de un aprovechamiento sostenible&hellip; <a href=\"https:\/\/www.ambienteyenergia.gob.ec\/ambiente\/mae-promueve-conservacion-y-recuperacion-de-bosques-tropicales\/\">Read more &rarr;<\/a><\/p>\n","protected":false},"author":13,"featured_media":12765,"comment_status":"open","ping_status":"open","sticky":false,"template":"","format":"standard","meta":{"footnotes":""},"categories":[16,4],"tags":[],"class_list":["post-12763","post","type-post","status-publish","format-standard","has-post-thumbnail","hentry","category-comunicamos","category-noticias","xfolkentry"],"_links":{"self":[{"href":"https:\/\/www.ambienteyenergia.gob.ec\/ambiente\/wp-json\/wp\/v2\/posts\/12763","targetHints":{"allow":["GET"]}}],"collection":[{"href":"https:\/\/www.ambienteyenergia.gob.ec\/ambiente\/wp-json\/wp\/v2\/posts"}],"about":[{"href":"https:\/\/www.ambienteyenergia.gob.ec\/ambiente\/wp-json\/wp\/v2\/types\/post"}],"author":[{"embeddable":true,"href":"https:\/\/www.ambienteyenergia.gob.ec\/ambiente\/wp-json\/wp\/v2\/users\/13"}],"replies":[{"embeddable":true,"href":"https:\/\/www.ambienteyenergia.gob.ec\/ambiente\/wp-json\/wp\/v2\/comments?post=12763"}],"version-history":[{"count":0,"href":"https:\/\/www.ambienteyenergia.gob.ec\/ambiente\/wp-json\/wp\/v2\/posts\/12763\/revisions"}],"wp:featuredmedia":[{"embeddable":true,"href":"https:\/\/www.ambienteyenergia.gob.ec\/ambiente\/wp-json\/wp\/v2\/media\/12765"}],"wp:attachment":[{"href":"https:\/\/www.ambienteyenergia.gob.ec\/ambiente\/wp-json\/wp\/v2\/media?parent=12763"}],"wp:term":[{"taxonomy":"category","embeddable":true,"href":"https:\/\/www.ambienteyenergia.gob.ec\/ambiente\/wp-json\/wp\/v2\/categories?post=12763"},{"taxonomy":"post_tag","embeddable":true,"href":"https:\/\/www.ambienteyenergia.gob.ec\/ambiente\/wp-json\/wp\/v2\/tags?post=12763"}],"curies":[{"name":"wp","href":"https:\/\/api.w.org\/{rel}","templated":true}]}}