{"id":12751,"date":"2013-06-26T11:25:14","date_gmt":"2013-06-26T16:25:14","guid":{"rendered":"http:\/\/www.ambiente.gob.ec\/?p=12751"},"modified":"2013-06-26T11:35:59","modified_gmt":"2013-06-26T16:35:59","slug":"jame-painter-capacitara-sobre-comunicacion-efectiva-en-temas-ambientales-con-respaldo-del-mae","status":"publish","type":"post","link":"https:\/\/www.ambienteyenergia.gob.ec\/ambiente\/jame-painter-capacitara-sobre-comunicacion-efectiva-en-temas-ambientales-con-respaldo-del-mae\/","title":{"rendered":"James Painter capacitar\u00e1 sobre comunicaci\u00f3n efectiva en temas ambientales con respaldo del MAE"},"content":{"rendered":"<p style=\"text-align: justify;\">Hoy, la Ministra del Ambiente, Lorena Tapia, mediante rueda de prensa invit\u00f3 a la ciudadan\u00eda a involucrarse en la Conferencia Magistral <strong>\u201cLos retos de la comunicaci\u00f3n ambiental estrat\u00e9gica en el Ecuador\u201d, <\/strong>iniciativa organizada por el Ministerio del Ambiente (MAE) y la Embajada Brit\u00e1nica en Quito.<\/p>\n<p style=\"text-align: justify;\">El taller es gratuito y se realizar\u00e1 el 1 de julio en Puerto Ayora, Isla Santa Cruz, Gal\u00e1pagos y el 4 de julio en el Sal\u00f3n Hemiciclo de la Facultad Latinoamericana de Ciencias Sociales (Flacso), en Quito. El objetivo es promover una comunicaci\u00f3n m\u00e1s efectiva sobre el cambio clim\u00e1tico y temas ambientales en el Ecuador.<\/p>\n<p style=\"text-align: justify;\">Asimismo, una de las metas propuestas de este espacio es la construcci\u00f3n de criterios sobre la manera de informar temas relacionados al ambiente y que \u00e9stos sean de inter\u00e9s para los medios de comunicaci\u00f3n y de la sociedad civil.<\/p>\n<p style=\"text-align: justify;\">El taller ser\u00e1 dictado por el periodista brit\u00e1nico experto en temas ambientales, James Painter, quien cuenta con una larga trayectoria en el mundo de la comunicaci\u00f3n (fue corresponsal de la BBC, de la Agencia Reuters, entre otros medios importantes). Adem\u00e1s, \u00a0intervendr\u00e1n varios ponentes relacionados al tema.<\/p>\n<p style=\"text-align: justify;\">En ese sentido, la participaci\u00f3n de la Ministra de Ambiente, Lorena Tapia, es fundamental. Pues como m\u00e1xima autoridad ambiental del pa\u00eds compartir\u00e1 su visi\u00f3n sobre el rol del gobierno ecuatoriano en la gesti\u00f3n ambiental y cambio clim\u00e1tico.<\/p>\n<p style=\"text-align: justify;\">Es importante\u00a0 fortalecer y promover los conocimientos ambientales, pero tambi\u00e9n\u00a0 simplificar el mensaje t\u00e9cnico producido por cient\u00edficos y acad\u00e9micos, para generar la construcci\u00f3n de criterios conscientes de nuestro rol activo en el ambiente, afirm\u00f3 Tapia.<\/p>\n<p style=\"text-align: justify;\">Por otro lado, Painter proporcionar\u00e1 las herramientas necesarias para el p\u00fablico cient\u00edfico, acad\u00e9mico y para quienes manejan los temas ambientales, con el objetivo que puedan transmitir su mensaje de manera efectiva a la sociedad civil.<\/p>\n<p style=\"text-align: justify;\">El evento se efectuar\u00e1 con la colaboraci\u00f3n de diferentes organizaciones no gubernamentales como Alianza Clima y Desarrollo (CDKN por sus siglas en ingl\u00e9s), Fundaci\u00f3n Futuro Latinoamericano, Uni\u00f3n Europea, FUNDAR Gal\u00e1pagos y WWF.<\/p>\n<p style=\"text-align: justify;\"><strong>AGENDA:<\/strong><\/p>\n<ol style=\"text-align: justify;\" start=\"1\">\n<li>LUNES 1 DE JULIO DE 2013<\/li>\n<\/ol>\n<ul style=\"text-align: justify;\">\n<li><strong>Lugar: <\/strong>Sal\u00f3n Municipal de Puerto Ayora, Isla Santa Cruz, Gal\u00e1pagos.<strong><\/strong><\/li>\n<li><strong>Hora: <\/strong>9h00<\/li>\n<\/ul>\n<ol style=\"text-align: justify;\" start=\"2\">\n<li>JUEVES 4 DE JULIO DE 2013<\/li>\n<\/ol>\n<ul style=\"text-align: justify;\">\n<li><strong>Lugar: <\/strong>Sal\u00f3n Hemiciclo de la<strong> <\/strong>Facultad Latinoamericana de Ciencias Sociales (Flacso), en Quito<strong><\/strong><\/li>\n<li><strong>Hora: <\/strong>9h00<strong><\/strong><\/li>\n<\/ul>\n<p style=\"text-align: justify;\"><strong>\u00a0<\/strong><\/p>\n<p style=\"text-align: justify;\">\n","protected":false},"excerpt":{"rendered":"<p class=\"excerpt\">Hoy, la Ministra del Ambiente, Lorena Tapia, mediante rueda de prensa invit\u00f3 a la ciudadan\u00eda a involucrarse en la Conferencia Magistral \u201cLos retos de la comunicaci\u00f3n ambiental estrat\u00e9gica en el Ecuador\u201d, iniciativa organizada por el Ministerio del Ambiente (MAE) y la Embajada Brit\u00e1nica en Quito. El taller es gratuito y se realizar\u00e1 el 1 de julio en Puerto Ayora, Isla&hellip; <a href=\"https:\/\/www.ambienteyenergia.gob.ec\/ambiente\/jame-painter-capacitara-sobre-comunicacion-efectiva-en-temas-ambientales-con-respaldo-del-mae\/\">Read more &rarr;<\/a><\/p>\n","protected":false},"author":13,"featured_media":12752,"comment_status":"open","ping_status":"open","sticky":false,"template":"","format":"standard","meta":{"footnotes":""},"categories":[16,4],"tags":[],"class_list":["post-12751","post","type-post","status-publish","format-standard","has-post-thumbnail","hentry","category-comunicamos","category-noticias","xfolkentry"],"_links":{"self":[{"href":"https:\/\/www.ambienteyenergia.gob.ec\/ambiente\/wp-json\/wp\/v2\/posts\/12751","targetHints":{"allow":["GET"]}}],"collection":[{"href":"https:\/\/www.ambienteyenergia.gob.ec\/ambiente\/wp-json\/wp\/v2\/posts"}],"about":[{"href":"https:\/\/www.ambienteyenergia.gob.ec\/ambiente\/wp-json\/wp\/v2\/types\/post"}],"author":[{"embeddable":true,"href":"https:\/\/www.ambienteyenergia.gob.ec\/ambiente\/wp-json\/wp\/v2\/users\/13"}],"replies":[{"embeddable":true,"href":"https:\/\/www.ambienteyenergia.gob.ec\/ambiente\/wp-json\/wp\/v2\/comments?post=12751"}],"version-history":[{"count":0,"href":"https:\/\/www.ambienteyenergia.gob.ec\/ambiente\/wp-json\/wp\/v2\/posts\/12751\/revisions"}],"wp:featuredmedia":[{"embeddable":true,"href":"https:\/\/www.ambienteyenergia.gob.ec\/ambiente\/wp-json\/wp\/v2\/media\/12752"}],"wp:attachment":[{"href":"https:\/\/www.ambienteyenergia.gob.ec\/ambiente\/wp-json\/wp\/v2\/media?parent=12751"}],"wp:term":[{"taxonomy":"category","embeddable":true,"href":"https:\/\/www.ambienteyenergia.gob.ec\/ambiente\/wp-json\/wp\/v2\/categories?post=12751"},{"taxonomy":"post_tag","embeddable":true,"href":"https:\/\/www.ambienteyenergia.gob.ec\/ambiente\/wp-json\/wp\/v2\/tags?post=12751"}],"curies":[{"name":"wp","href":"https:\/\/api.w.org\/{rel}","templated":true}]}}