{"id":12745,"date":"2013-06-26T10:24:33","date_gmt":"2013-06-26T15:24:33","guid":{"rendered":"http:\/\/www.ambiente.gob.ec\/?p=12745"},"modified":"2013-06-26T10:52:04","modified_gmt":"2013-06-26T15:52:04","slug":"rescate-de-ballenas-enmalladas-se-tratara-en-taller","status":"publish","type":"post","link":"https:\/\/www.ambienteyenergia.gob.ec\/ambiente\/rescate-de-ballenas-enmalladas-se-tratara-en-taller\/","title":{"rendered":"Taller sobre rescate de ballenas enmalladas"},"content":{"rendered":"<p style=\"text-align: justify;\">Salinas ser\u00e1 la sede del primer \u201cTaller de entrenamiento sobre respuesta a eventos de enredamiento de ballenas grandes\u201d, a realizarse el 27 y 28 de junio, con el objetivo de capacitar al personal que da respuesta a los incidentes que suelen presentarse con las ballenas jorobadas, que surcan el mar ecuatoriano en esta \u00e9poca del a\u00f1o.<\/p>\n<p style=\"text-align: justify;\">El evento es organizado por la Secretar\u00eda Ejecutiva del Plan de Acci\u00f3n del Pac\u00edfico Sudeste (CPPS), Secretar\u00eda de la Comisi\u00f3n Ballenera Internacional (CBI) y el Gobierno de Ecuador, a pedido del Ministerio del Ambiente del Ecuador (MAE). \u00a0Cuenta con el co-auspicio de la Sociedad Mundial para la Protecci\u00f3n Animal (WSPA) y Conservaci\u00f3n Internacional (CI)<\/p>\n<p style=\"text-align: justify;\">Esta uni\u00f3n de esfuerzos permitir\u00e1 que expertos internacionales compartan sus conocimientos con los participantes nacionales del MAE, Secretar\u00eda T\u00e9cnica del Mar (Setemar), Armada Nacional y Subsecretar\u00eda de Recursos Pesqueros (SRP).<\/p>\n<p style=\"text-align: justify;\">A ellos se sumar\u00e1n tres representantes de Chile, Per\u00fa, Colombia y Panam\u00e1, quienes aprovechar\u00e1n esta oportunidad de aprender el manejo adecuado de un enredamiento de ballena.<\/p>\n<p style=\"text-align: justify;\">Durante el primer d\u00eda, en el Hotel Bleu, desde las 9:00, se revisar\u00e1n las t\u00e9cnicas para entender y responder al enredamiento de ballenas, en el que se tratar\u00e1n los aspectos legales y de seguridad, antecedentes y biolog\u00eda, activaci\u00f3n de la respuesta de emergencia, procedimiento para desenredar las ballenas: evaluaci\u00f3n y aspectos de seguridad.<\/p>\n<p style=\"text-align: justify;\">Para el segundo d\u00eda, est\u00e1 previsto un entrenamiento pr\u00e1ctico en el mar. Una lancha simular\u00e1 una ballena atrapada entre mallas o redes de pesca, permitiendo que los participantes ejecuten los procedimientos aprendidos, contando con la gu\u00eda de los instructores.<\/p>\n<p style=\"text-align: justify;\">\n","protected":false},"excerpt":{"rendered":"<p class=\"excerpt\">Salinas ser\u00e1 la sede del primer \u201cTaller de entrenamiento sobre respuesta a eventos de enredamiento de ballenas grandes\u201d, a realizarse el 27 y 28 de junio, con el objetivo de capacitar al personal que da respuesta a los incidentes que suelen presentarse con las ballenas jorobadas, que surcan el mar ecuatoriano en esta \u00e9poca del a\u00f1o. El evento es organizado&hellip; <a href=\"https:\/\/www.ambienteyenergia.gob.ec\/ambiente\/rescate-de-ballenas-enmalladas-se-tratara-en-taller\/\">Read more &rarr;<\/a><\/p>\n","protected":false},"author":13,"featured_media":12746,"comment_status":"open","ping_status":"open","sticky":false,"template":"","format":"standard","meta":{"footnotes":""},"categories":[16,4],"tags":[],"class_list":["post-12745","post","type-post","status-publish","format-standard","has-post-thumbnail","hentry","category-comunicamos","category-noticias","xfolkentry"],"_links":{"self":[{"href":"https:\/\/www.ambienteyenergia.gob.ec\/ambiente\/wp-json\/wp\/v2\/posts\/12745","targetHints":{"allow":["GET"]}}],"collection":[{"href":"https:\/\/www.ambienteyenergia.gob.ec\/ambiente\/wp-json\/wp\/v2\/posts"}],"about":[{"href":"https:\/\/www.ambienteyenergia.gob.ec\/ambiente\/wp-json\/wp\/v2\/types\/post"}],"author":[{"embeddable":true,"href":"https:\/\/www.ambienteyenergia.gob.ec\/ambiente\/wp-json\/wp\/v2\/users\/13"}],"replies":[{"embeddable":true,"href":"https:\/\/www.ambienteyenergia.gob.ec\/ambiente\/wp-json\/wp\/v2\/comments?post=12745"}],"version-history":[{"count":0,"href":"https:\/\/www.ambienteyenergia.gob.ec\/ambiente\/wp-json\/wp\/v2\/posts\/12745\/revisions"}],"wp:featuredmedia":[{"embeddable":true,"href":"https:\/\/www.ambienteyenergia.gob.ec\/ambiente\/wp-json\/wp\/v2\/media\/12746"}],"wp:attachment":[{"href":"https:\/\/www.ambienteyenergia.gob.ec\/ambiente\/wp-json\/wp\/v2\/media?parent=12745"}],"wp:term":[{"taxonomy":"category","embeddable":true,"href":"https:\/\/www.ambienteyenergia.gob.ec\/ambiente\/wp-json\/wp\/v2\/categories?post=12745"},{"taxonomy":"post_tag","embeddable":true,"href":"https:\/\/www.ambienteyenergia.gob.ec\/ambiente\/wp-json\/wp\/v2\/tags?post=12745"}],"curies":[{"name":"wp","href":"https:\/\/api.w.org\/{rel}","templated":true}]}}