{"id":12734,"date":"2013-06-26T09:07:53","date_gmt":"2013-06-26T14:07:53","guid":{"rendered":"http:\/\/www.ambiente.gob.ec\/?p=12734"},"modified":"2013-06-26T09:08:25","modified_gmt":"2013-06-26T14:08:25","slug":"ruta-sagrada-de-la-reserva-ecologica-cotacachi-cayapas-fue-escenario-para-celebracion-del-inti-raymi-2","status":"publish","type":"post","link":"https:\/\/www.ambienteyenergia.gob.ec\/ambiente\/ruta-sagrada-de-la-reserva-ecologica-cotacachi-cayapas-fue-escenario-para-celebracion-del-inti-raymi-2\/","title":{"rendered":"Ruta Sagrada de la Reserva Ecol\u00f3gica Cotacachi Cayapas fue escenario para celebraci\u00f3n del Inti Raymi"},"content":{"rendered":"<p style=\"text-align: justify;\">El Inti Raymi o Fiesta del Sol, es una antigua ceremonia religiosa andina en honor al Inti (padre Sol) que se realiza al inicio del Solsticio de Verano. Este evento se celebr\u00f3 el pasado 22 de junio, en la Laguna de Cuicocha, ubicada dentro de la Reserva Ecol\u00f3gica Cotacachi Cayapas \u2013 Zona Alta, un lugar considerado como sagrado por los pueblos ind\u00edgenas del sector.<\/p>\n<p style=\"text-align: justify;\">Los preparativos para esta fiesta tradicional se hacen con meses de anticipaci\u00f3n. Se nombran a los \u201cpriostes\u201d o padrinos de la fiesta en cada poblaci\u00f3n, lo representa un gran honor para las comunidades de la zona. La festividad incluye tambi\u00e9n, en los d\u00edas iniciales o previos a la celebraci\u00f3n principal un ba\u00f1o ritual.<\/p>\n<p style=\"text-align: justify;\">Para el acto, el Ministerio del Ambiente (MAE) facilit\u00f3 el espacio f\u00edsico denominado Ruta Sagrada, -construida para estos fines- donde los pueblos ind\u00edgenas y los turistas pudieron ser part\u00edcipes de esta ceremonia tradicional. El objetivo es fusionar la cultura y naturaleza, adem\u00e1s de crear espacios de desarrollo social y conservaci\u00f3n de los recursos naturales. Asimismo, se pretende fomentar mecanismos de turismo sustentable en las \u00c1reas Protegidas a trav\u00e9s de estas iniciativas.<\/p>\n<p style=\"text-align: justify;\">Durante el evento se realiz\u00f3 el ritual espiritual que consisti\u00f3 en un recorrido por las diferentes estaciones del lugar como son el Calendario solar, Calendario lunar, Sitio de ofrendas y Ba\u00f1o ritual.<\/p>\n<p style=\"text-align: justify;\"><a href=\"http:\/\/www.ambienteyenergia.gob.ec\/ambiente\/wp-content\/uploads\/2013\/06\/IMG-20130622-00989.jpg\"><img loading=\"lazy\" decoding=\"async\" class=\"aligncenter size-full wp-image-12735\" title=\"IMG-20130622-00989\" src=\"http:\/\/www.ambienteyenergia.gob.ec\/ambiente\/wp-content\/uploads\/2013\/06\/IMG-20130622-00989.jpg\" alt=\"\" width=\"650\" height=\"488\" srcset=\"https:\/\/www.ambienteyenergia.gob.ec\/ambiente\/wp-content\/uploads\/sites\/2\/2013\/06\/IMG-20130622-00989.jpg 650w, https:\/\/www.ambienteyenergia.gob.ec\/ambiente\/wp-content\/uploads\/sites\/2\/2013\/06\/IMG-20130622-00989-300x225.jpg 300w, https:\/\/www.ambienteyenergia.gob.ec\/ambiente\/wp-content\/uploads\/sites\/2\/2013\/06\/IMG-20130622-00989-399x300.jpg 399w\" sizes=\"auto, (max-width: 650px) 100vw, 650px\" \/><\/a><\/p>\n<p style=\"text-align: justify;\"><strong>\u00a0<\/strong><\/p>\n<p style=\"text-align: justify;\">\n","protected":false},"excerpt":{"rendered":"<p class=\"excerpt\">El Inti Raymi o Fiesta del Sol, es una antigua ceremonia religiosa andina en honor al Inti (padre Sol) que se realiza al inicio del Solsticio de Verano. Este evento se celebr\u00f3 el pasado 22 de junio, en la Laguna de Cuicocha, ubicada dentro de la Reserva Ecol\u00f3gica Cotacachi Cayapas \u2013 Zona Alta, un lugar considerado como sagrado por los&hellip; <a href=\"https:\/\/www.ambienteyenergia.gob.ec\/ambiente\/ruta-sagrada-de-la-reserva-ecologica-cotacachi-cayapas-fue-escenario-para-celebracion-del-inti-raymi-2\/\">Read more &rarr;<\/a><\/p>\n","protected":false},"author":13,"featured_media":12736,"comment_status":"open","ping_status":"open","sticky":false,"template":"","format":"standard","meta":{"footnotes":""},"categories":[16,4],"tags":[],"class_list":["post-12734","post","type-post","status-publish","format-standard","has-post-thumbnail","hentry","category-comunicamos","category-noticias","xfolkentry"],"_links":{"self":[{"href":"https:\/\/www.ambienteyenergia.gob.ec\/ambiente\/wp-json\/wp\/v2\/posts\/12734","targetHints":{"allow":["GET"]}}],"collection":[{"href":"https:\/\/www.ambienteyenergia.gob.ec\/ambiente\/wp-json\/wp\/v2\/posts"}],"about":[{"href":"https:\/\/www.ambienteyenergia.gob.ec\/ambiente\/wp-json\/wp\/v2\/types\/post"}],"author":[{"embeddable":true,"href":"https:\/\/www.ambienteyenergia.gob.ec\/ambiente\/wp-json\/wp\/v2\/users\/13"}],"replies":[{"embeddable":true,"href":"https:\/\/www.ambienteyenergia.gob.ec\/ambiente\/wp-json\/wp\/v2\/comments?post=12734"}],"version-history":[{"count":0,"href":"https:\/\/www.ambienteyenergia.gob.ec\/ambiente\/wp-json\/wp\/v2\/posts\/12734\/revisions"}],"wp:featuredmedia":[{"embeddable":true,"href":"https:\/\/www.ambienteyenergia.gob.ec\/ambiente\/wp-json\/wp\/v2\/media\/12736"}],"wp:attachment":[{"href":"https:\/\/www.ambienteyenergia.gob.ec\/ambiente\/wp-json\/wp\/v2\/media?parent=12734"}],"wp:term":[{"taxonomy":"category","embeddable":true,"href":"https:\/\/www.ambienteyenergia.gob.ec\/ambiente\/wp-json\/wp\/v2\/categories?post=12734"},{"taxonomy":"post_tag","embeddable":true,"href":"https:\/\/www.ambienteyenergia.gob.ec\/ambiente\/wp-json\/wp\/v2\/tags?post=12734"}],"curies":[{"name":"wp","href":"https:\/\/api.w.org\/{rel}","templated":true}]}}