{"id":12728,"date":"2013-06-26T09:00:46","date_gmt":"2013-06-26T14:00:46","guid":{"rendered":"http:\/\/www.ambiente.gob.ec\/?p=12728"},"modified":"2013-06-26T09:00:46","modified_gmt":"2013-06-26T14:00:46","slug":"mae-insta-a-la-proteccion-de-las-ballenas-jorobadas-y-al-cuidado-de-su-habitat","status":"publish","type":"post","link":"https:\/\/www.ambienteyenergia.gob.ec\/ambiente\/mae-insta-a-la-proteccion-de-las-ballenas-jorobadas-y-al-cuidado-de-su-habitat\/","title":{"rendered":"MAE insta a la protecci\u00f3n de las ballenas jorobadas y al cuidado de su h\u00e1bitat"},"content":{"rendered":"<p style=\"text-align: justify;\">Las ballenas jorobadas representan uno de los atractivos tur\u00edsticos m\u00e1s representativos de las costas ecuatorianas, especialmente dentro del Parque Nacional Machalilla, en el cant\u00f3n Puerto L\u00f3pez, provincia de Manab\u00ed. Este lugar es conocido como el nicho de apareamiento de esta especie, que recorre las g\u00e9lidas aguas de la Ant\u00e1rtida para llegar hasta el c\u00e1lido oc\u00e9ano Pac\u00edfico.<\/p>\n<p style=\"text-align: justify;\">Para los expertos, este trayecto es parte del ciclo de vida de los cet\u00e1ceos que permite la reproducci\u00f3n normal de la especie. En cambio, para los m\u00e1s rom\u00e1nticos de Puerto L\u00f3pez, es un ritual de amor que da inicio a la gestaci\u00f3n, la cual culmina al completar el recorrido el a\u00f1o siguiente, concibiendo en mar ecuatoriano.<\/p>\n<p style=\"text-align: justify;\">El pasado 22 de junio, los tripulantes de la embarcaci\u00f3n B\u00e1lsamos 1 del Ministerio del Ambiente (MAE) observaron la primera ballena jorobada -unas 8 millas mar adentro- que hac\u00eda gala de su se\u00f1or\u00edo al mostrar parte de su lomo y cola, como un saludo fugaz, porque volv\u00eda a sumergirse sin dar se\u00f1ales inmediatas.<\/p>\n<p style=\"text-align: justify;\">\u201cUna hembra puede estar rodeada de 8 \u00f3 10 machos que la pretenden, as\u00ed empieza el ritual de las ballenas\u201d, mencionaron Daniel Falcones y Flavio Tomal\u00e1, tripulantes de la embarcaci\u00f3n del MAE, mientras las dem\u00e1s personas a bordo esperaban atentos su aparici\u00f3n para captar algunas im\u00e1genes de los cet\u00e1ceos con sus c\u00e1maras.<\/p>\n<p style=\"text-align: justify;\">La Bi\u00f3loga Cristina Castro, experta que estudi\u00f3 de los cet\u00e1ceos, durante la inauguraci\u00f3n de la temporada de avistamiento de ballenas en Puerto L\u00f3pez, manifest\u00f3 que las colas son como la huella digital de las ballenas, porque sus pliegues o bifurcaciones y pintas permiten reconocerlas. Esta teor\u00eda ha sido comprobada por las colas fotografiadas durante su estad\u00eda en Ecuador, que luego son vistas y fotografiadas en la Ant\u00e1rtida o Ant\u00e1rtica, durante su paso.<\/p>\n<p style=\"text-align: justify;\">Para entonces hab\u00edan aparecido en diferentes puntos unas 5 ballenas que anunciaban su presencia al expulsar agua. Dos de ellas parec\u00edan hacer piruetas sincronizadas y un saludo a sus espectadores.<\/p>\n<p style=\"text-align: justify;\">Nelson Zambrano, Subsecretario de Gesti\u00f3n Marina y Costera del Ministerio del Ambiente, mencion\u00f3 la importancia de evitar acercarse demasiado a las ballenas y hasta apagar el motor de la embarcaci\u00f3n para evitar estresar a los espec\u00edmenes.<\/p>\n<p style=\"text-align: justify;\">Por ello, cuando aparecieron dos nuevas embarcaciones para el avistamiento, el B\u00e1lsamos 1 emprendi\u00f3 su retirada. \u201cEs que en el avistamiento no deben haber m\u00e1s de tres embarcaciones a la vez, los capitanes saben que deben respetar el espacio de las ballenas, incluso para evitar incidentes o accidentes\u201d, explic\u00f3 Juan Manuel Cisneros, responsable del Parque Nacional Machalilla (PNM).<\/p>\n<p style=\"text-align: justify;\">Zambrano record\u00f3 que cada a\u00f1o se dialoga con los operadores tur\u00edsticos de Puerto L\u00f3pez, Salango, Ayangue, entre otras localidades que se dedican al turismo por el avistamiento de ballenas, para recordarles la protecci\u00f3n necesaria de las especies y el mar, como evitar arrojar basura y controlar la mala disposici\u00f3n de las artes de pesca que pueden provocar enredamientos a los cet\u00e1ceos.<\/p>\n<p style=\"text-align: justify;\">Y es que el cant\u00f3n Puerto L\u00f3pez es considerado como la capital tur\u00edstica del avistamiento de ballenas, convirti\u00e9ndose en un destino tur\u00edstico cuya actividad deja importantes ingresos econ\u00f3micos entre los meses de junio a septiembre a los 33 operadores tur\u00edsticos y 75 hospeder\u00edas registradas en el lugar.<\/p>\n<p style=\"text-align: justify;\">Las embarcaciones reguladas deben cumplir normas de seguridad como portar los chalecos salvavidas para el n\u00famero de turistas que adquieren sus servicios y un tiempo determinado en el mar, permitiendo el ingreso de otra lancha, enfatiz\u00f3 Zambrano, tras \u00a0recomendar a los visitantes el uso de los operadores legalizados.<\/p>\n<p style=\"text-align: justify;\"><strong>La cifra<\/strong><\/p>\n<p style=\"text-align: justify;\">Las ballenas recorren alrededor de 7 mil kil\u00f3metros hasta la Ant\u00e1rtica, buscando las aguas c\u00e1lidas del Ecuador para su reproducci\u00f3n o nacimiento.<\/p>\n<div id='gallery-1' class='gallery galleryid-12728 gallery-columns-4 gallery-size-thumbnail'><dl class='gallery-item'>\n\t\t\t<dt class='gallery-icon landscape'>\n\t\t\t\t<a href='https:\/\/www.ambienteyenergia.gob.ec\/ambiente\/mae-insta-a-la-proteccion-de-las-ballenas-jorobadas-y-al-cuidado-de-su-habitat\/imagen1-3\/'><img loading=\"lazy\" decoding=\"async\" width=\"150\" height=\"150\" src=\"https:\/\/www.ambienteyenergia.gob.ec\/ambiente\/wp-content\/uploads\/sites\/2\/2013\/06\/Imagen1-150x150.jpg\" class=\"attachment-thumbnail size-thumbnail\" alt=\"\" \/><\/a>\n\t\t\t<\/dt><\/dl><dl class='gallery-item'>\n\t\t\t<dt class='gallery-icon landscape'>\n\t\t\t\t<a href='https:\/\/www.ambienteyenergia.gob.ec\/ambiente\/mae-insta-a-la-proteccion-de-las-ballenas-jorobadas-y-al-cuidado-de-su-habitat\/imagen2\/'><img loading=\"lazy\" decoding=\"async\" width=\"150\" height=\"150\" src=\"https:\/\/www.ambienteyenergia.gob.ec\/ambiente\/wp-content\/uploads\/sites\/2\/2013\/06\/Imagen2-150x150.jpg\" class=\"attachment-thumbnail size-thumbnail\" alt=\"\" \/><\/a>\n\t\t\t<\/dt><\/dl><dl class='gallery-item'>\n\t\t\t<dt class='gallery-icon landscape'>\n\t\t\t\t<a href='https:\/\/www.ambienteyenergia.gob.ec\/ambiente\/mae-insta-a-la-proteccion-de-las-ballenas-jorobadas-y-al-cuidado-de-su-habitat\/imagen4\/'><img loading=\"lazy\" decoding=\"async\" width=\"150\" height=\"150\" src=\"https:\/\/www.ambienteyenergia.gob.ec\/ambiente\/wp-content\/uploads\/sites\/2\/2013\/06\/Imagen4-150x150.jpg\" class=\"attachment-thumbnail size-thumbnail\" alt=\"\" \/><\/a>\n\t\t\t<\/dt><\/dl><dl class='gallery-item'>\n\t\t\t<dt class='gallery-icon landscape'>\n\t\t\t\t<a href='https:\/\/www.ambienteyenergia.gob.ec\/ambiente\/mae-insta-a-la-proteccion-de-las-ballenas-jorobadas-y-al-cuidado-de-su-habitat\/imagen7\/'><img loading=\"lazy\" decoding=\"async\" width=\"150\" height=\"150\" src=\"https:\/\/www.ambienteyenergia.gob.ec\/ambiente\/wp-content\/uploads\/sites\/2\/2013\/06\/Imagen7-150x150.jpg\" class=\"attachment-thumbnail size-thumbnail\" alt=\"\" \/><\/a>\n\t\t\t<\/dt><\/dl><br style=\"clear: both\" \/>\n\t\t<\/div>\n\n<p style=\"text-align: justify;\">\n","protected":false},"excerpt":{"rendered":"<p class=\"excerpt\">Las ballenas jorobadas representan uno de los atractivos tur\u00edsticos m\u00e1s representativos de las costas ecuatorianas, especialmente dentro del Parque Nacional Machalilla, en el cant\u00f3n Puerto L\u00f3pez, provincia de Manab\u00ed. Este lugar es conocido como el nicho de apareamiento de esta especie, que recorre las g\u00e9lidas aguas de la Ant\u00e1rtida para llegar hasta el c\u00e1lido oc\u00e9ano Pac\u00edfico. Para los expertos, este&hellip; <a href=\"https:\/\/www.ambienteyenergia.gob.ec\/ambiente\/mae-insta-a-la-proteccion-de-las-ballenas-jorobadas-y-al-cuidado-de-su-habitat\/\">Read more &rarr;<\/a><\/p>\n","protected":false},"author":13,"featured_media":12732,"comment_status":"open","ping_status":"open","sticky":false,"template":"","format":"standard","meta":{"footnotes":""},"categories":[16,4],"tags":[],"class_list":["post-12728","post","type-post","status-publish","format-standard","has-post-thumbnail","hentry","category-comunicamos","category-noticias","xfolkentry"],"_links":{"self":[{"href":"https:\/\/www.ambienteyenergia.gob.ec\/ambiente\/wp-json\/wp\/v2\/posts\/12728","targetHints":{"allow":["GET"]}}],"collection":[{"href":"https:\/\/www.ambienteyenergia.gob.ec\/ambiente\/wp-json\/wp\/v2\/posts"}],"about":[{"href":"https:\/\/www.ambienteyenergia.gob.ec\/ambiente\/wp-json\/wp\/v2\/types\/post"}],"author":[{"embeddable":true,"href":"https:\/\/www.ambienteyenergia.gob.ec\/ambiente\/wp-json\/wp\/v2\/users\/13"}],"replies":[{"embeddable":true,"href":"https:\/\/www.ambienteyenergia.gob.ec\/ambiente\/wp-json\/wp\/v2\/comments?post=12728"}],"version-history":[{"count":0,"href":"https:\/\/www.ambienteyenergia.gob.ec\/ambiente\/wp-json\/wp\/v2\/posts\/12728\/revisions"}],"wp:featuredmedia":[{"embeddable":true,"href":"https:\/\/www.ambienteyenergia.gob.ec\/ambiente\/wp-json\/wp\/v2\/media\/12732"}],"wp:attachment":[{"href":"https:\/\/www.ambienteyenergia.gob.ec\/ambiente\/wp-json\/wp\/v2\/media?parent=12728"}],"wp:term":[{"taxonomy":"category","embeddable":true,"href":"https:\/\/www.ambienteyenergia.gob.ec\/ambiente\/wp-json\/wp\/v2\/categories?post=12728"},{"taxonomy":"post_tag","embeddable":true,"href":"https:\/\/www.ambienteyenergia.gob.ec\/ambiente\/wp-json\/wp\/v2\/tags?post=12728"}],"curies":[{"name":"wp","href":"https:\/\/api.w.org\/{rel}","templated":true}]}}