{"id":12706,"date":"2013-06-25T20:29:39","date_gmt":"2013-06-26T01:29:39","guid":{"rendered":"http:\/\/www.ambiente.gob.ec\/?p=12706"},"modified":"2013-06-26T07:55:33","modified_gmt":"2013-06-26T12:55:33","slug":"mae-rescata-a-condor-juvenil-en-napo","status":"publish","type":"post","link":"https:\/\/www.ambienteyenergia.gob.ec\/ambiente\/mae-rescata-a-condor-juvenil-en-napo\/","title":{"rendered":"El Ministerio del Ambiente  y la comunidad rescatan al c\u00f3ndor \u201cFelipe\u201d en Napo"},"content":{"rendered":"<p style=\"text-align: justify;\">El Ministerio del Ambiente (MAE), tras una alerta de la comunidad, rescat\u00f3 a un c\u00f3ndor (Vultur Gryphus), en la ma\u00f1ana de este martes 25 de junio del 2013. La especie fue encontrada en la comunidad de Campo Alegre, parroquia Francisco de Borja, Cant\u00f3n Quijos, provincia de Napo.<\/p>\n<p style=\"text-align: justify;\">Habitantes de la zona alertaron a las autoridades de esta Cartera de Estado a trav\u00e9s del sistema ECU911. Felipe Farinango, propietario de la finca donde se encontr\u00f3 el esp\u00e9cimen, relata que desde las 06:00 se escuchaba al ganado moviliz\u00e1ndose. Cuando busc\u00f3 la causa, encontr\u00f3, en medio del campo, al c\u00f3ndor d\u00e9bil y sin poder volar. Con la ayuda de familiares y amigos inmovilizaron al animal y lo llevaron hacia las autoridades.<\/p>\n<p style=\"text-align: justify;\">El equipo de la Direcci\u00f3n Provincial de Ambiente del Napo y la Unidad de Polic\u00eda de Medio Ambiente (UPMA) se hicieron presentes para salvaguardar la seguridad de la emblem\u00e1tica ave hasta la llegada de especialistas. Los comuneros del poblado bautizaron al c\u00f3ndor como \u201cFelipe\u201d en honor al finquero que lo rescat\u00f3.<\/p>\n<p style=\"text-align: justify;\">En coordinaci\u00f3n con la Universidad San Francisco de Quito (USFQ), m\u00e9dicos veterinarios y funcionarios del Sistema Nacional de \u00c1reas Protegidas del MAE acudieron al lugar para verificar el estado de salud del c\u00f3ndor. Andr\u00e9s Ortega, m\u00e9dico veterinario de la USFQ y el Grupo C\u00f3ndor, confirm\u00f3 que el esp\u00e9cimen era macho, con signos vitales normales y dado el tama\u00f1o de su cresta, la coloraci\u00f3n y el n\u00famero de su plum\u00f3n, suponen que es un pich\u00f3n reci\u00e9n salido de su nido, se estima que no tiene m\u00e1s de un a\u00f1o.<\/p>\n<p style=\"text-align: justify;\">A pesar de que el estado del c\u00f3ndor era normal, su condici\u00f3n muscular se encontraba disminuida. Se presupone que el pich\u00f3n de c\u00f3ndor no hab\u00eda comido durante varios d\u00edas. Al encontrarse debilitado y desorientado se asent\u00f3 en la finca viendo la presencia de ganado, sin embargo, su agotamiento no le permiti\u00f3 elevar el vuelo nuevamente.<\/p>\n<p style=\"text-align: justify;\">Una vez rescatado el c\u00f3ndor fue trasladado v\u00eda terrestre a la Cl\u00ednica Veterinaria de la USFQ, all\u00ed se le colocaron algunas vitaminas, reconstituyentes, suero v\u00eda vascular, tomaron su peso para referencia, muestras de sangre y placas de rayos X. Tambi\u00e9n se le coloc\u00f3 un chip de rastreo satelital, pues hasta el momento su existencia no estaba registrada por tratarse de ser un esp\u00e9cimen muy joven.<\/p>\n<p style=\"text-align: justify;\">Para verificar y monitorear su estado de salud, el c\u00f3ndor \u201cFelipe\u201d fue trasladado al Centro de Rescate Cotopaxi, en donde entrar\u00e1 en cuarentena hasta que est\u00e9 en condiciones para ser liberado a su h\u00e1bitat.<\/p>\n<p style=\"text-align: justify;\">Funcionarios del MAE explicaron a la poblaci\u00f3n sobre la importancia de conservar al c\u00f3ndor, una especie en peligro de extinci\u00f3n, con la finalidad de incentivar la protecci\u00f3n de este esp\u00e9cimen.<\/p>\n<div id='gallery-1' class='gallery galleryid-12706 gallery-columns-4 gallery-size-thumbnail'><dl class='gallery-item'>\n\t\t\t<dt class='gallery-icon landscape'>\n\t\t\t\t<a href='https:\/\/www.ambienteyenergia.gob.ec\/ambiente\/mae-rescata-a-condor-juvenil-en-napo\/c1\/'><img loading=\"lazy\" decoding=\"async\" width=\"150\" height=\"150\" src=\"https:\/\/www.ambienteyenergia.gob.ec\/ambiente\/wp-content\/uploads\/sites\/2\/2013\/06\/c1-150x150.jpg\" class=\"attachment-thumbnail size-thumbnail\" alt=\"\" \/><\/a>\n\t\t\t<\/dt><\/dl><dl class='gallery-item'>\n\t\t\t<dt class='gallery-icon landscape'>\n\t\t\t\t<a href='https:\/\/www.ambienteyenergia.gob.ec\/ambiente\/mae-rescata-a-condor-juvenil-en-napo\/c2\/'><img loading=\"lazy\" decoding=\"async\" width=\"150\" height=\"150\" src=\"https:\/\/www.ambienteyenergia.gob.ec\/ambiente\/wp-content\/uploads\/sites\/2\/2013\/06\/c2-150x150.jpg\" class=\"attachment-thumbnail size-thumbnail\" alt=\"\" \/><\/a>\n\t\t\t<\/dt><\/dl><dl class='gallery-item'>\n\t\t\t<dt class='gallery-icon landscape'>\n\t\t\t\t<a href='https:\/\/www.ambienteyenergia.gob.ec\/ambiente\/mae-rescata-a-condor-juvenil-en-napo\/c3\/'><img loading=\"lazy\" decoding=\"async\" width=\"150\" height=\"150\" src=\"https:\/\/www.ambienteyenergia.gob.ec\/ambiente\/wp-content\/uploads\/sites\/2\/2013\/06\/c3-150x150.jpg\" class=\"attachment-thumbnail size-thumbnail\" alt=\"\" \/><\/a>\n\t\t\t<\/dt><\/dl><dl class='gallery-item'>\n\t\t\t<dt class='gallery-icon landscape'>\n\t\t\t\t<a href='https:\/\/www.ambienteyenergia.gob.ec\/ambiente\/mae-rescata-a-condor-juvenil-en-napo\/dsc04610\/'><img loading=\"lazy\" decoding=\"async\" width=\"150\" height=\"150\" src=\"https:\/\/www.ambienteyenergia.gob.ec\/ambiente\/wp-content\/uploads\/sites\/2\/2013\/06\/DSC04610-150x150.jpg\" class=\"attachment-thumbnail size-thumbnail\" alt=\"\" \/><\/a>\n\t\t\t<\/dt><\/dl><br style=\"clear: both\" \/><dl class='gallery-item'>\n\t\t\t<dt class='gallery-icon landscape'>\n\t\t\t\t<a href='https:\/\/www.ambienteyenergia.gob.ec\/ambiente\/mae-rescata-a-condor-juvenil-en-napo\/dsc04629\/'><img loading=\"lazy\" decoding=\"async\" width=\"150\" height=\"150\" src=\"https:\/\/www.ambienteyenergia.gob.ec\/ambiente\/wp-content\/uploads\/sites\/2\/2013\/06\/DSC04629-150x150.jpg\" class=\"attachment-thumbnail size-thumbnail\" alt=\"\" \/><\/a>\n\t\t\t<\/dt><\/dl><dl class='gallery-item'>\n\t\t\t<dt class='gallery-icon landscape'>\n\t\t\t\t<a href='https:\/\/www.ambienteyenergia.gob.ec\/ambiente\/mae-rescata-a-condor-juvenil-en-napo\/condor-1\/'><img loading=\"lazy\" decoding=\"async\" width=\"150\" height=\"150\" src=\"https:\/\/www.ambienteyenergia.gob.ec\/ambiente\/wp-content\/uploads\/sites\/2\/2013\/06\/CONDOR-1-150x150.jpg\" class=\"attachment-thumbnail size-thumbnail\" alt=\"\" \/><\/a>\n\t\t\t<\/dt><\/dl><dl class='gallery-item'>\n\t\t\t<dt class='gallery-icon portrait'>\n\t\t\t\t<a href='https:\/\/www.ambienteyenergia.gob.ec\/ambiente\/mae-rescata-a-condor-juvenil-en-napo\/condor-3\/'><img loading=\"lazy\" decoding=\"async\" width=\"150\" height=\"150\" src=\"https:\/\/www.ambienteyenergia.gob.ec\/ambiente\/wp-content\/uploads\/sites\/2\/2013\/06\/CONDOR-3-150x150.jpg\" class=\"attachment-thumbnail size-thumbnail\" alt=\"\" \/><\/a>\n\t\t\t<\/dt><\/dl><dl class='gallery-item'>\n\t\t\t<dt class='gallery-icon landscape'>\n\t\t\t\t<a href='https:\/\/www.ambienteyenergia.gob.ec\/ambiente\/mae-rescata-a-condor-juvenil-en-napo\/condor-4\/'><img loading=\"lazy\" decoding=\"async\" width=\"150\" height=\"150\" src=\"https:\/\/www.ambienteyenergia.gob.ec\/ambiente\/wp-content\/uploads\/sites\/2\/2013\/06\/CONDOR-4-150x150.jpg\" class=\"attachment-thumbnail size-thumbnail\" alt=\"\" \/><\/a>\n\t\t\t<\/dt><\/dl><br style=\"clear: both\" \/><dl class='gallery-item'>\n\t\t\t<dt class='gallery-icon landscape'>\n\t\t\t\t<a href='https:\/\/www.ambienteyenergia.gob.ec\/ambiente\/mae-rescata-a-condor-juvenil-en-napo\/condor-5\/'><img loading=\"lazy\" decoding=\"async\" width=\"150\" height=\"150\" src=\"https:\/\/www.ambienteyenergia.gob.ec\/ambiente\/wp-content\/uploads\/sites\/2\/2013\/06\/CONDOR-5-150x150.jpg\" class=\"attachment-thumbnail size-thumbnail\" alt=\"\" \/><\/a>\n\t\t\t<\/dt><\/dl><dl class='gallery-item'>\n\t\t\t<dt class='gallery-icon landscape'>\n\t\t\t\t<a href='https:\/\/www.ambienteyenergia.gob.ec\/ambiente\/mae-rescata-a-condor-juvenil-en-napo\/condor-6\/'><img loading=\"lazy\" decoding=\"async\" width=\"150\" height=\"150\" src=\"https:\/\/www.ambienteyenergia.gob.ec\/ambiente\/wp-content\/uploads\/sites\/2\/2013\/06\/CONDOR-6-150x150.jpg\" class=\"attachment-thumbnail size-thumbnail\" alt=\"\" \/><\/a>\n\t\t\t<\/dt><\/dl>\n\t\t\t<br style='clear: both' \/>\n\t\t<\/div>\n\n<p>&nbsp;<\/p>\n<p>&nbsp;<\/p>\n<p>&nbsp;<\/p>\n","protected":false},"excerpt":{"rendered":"<p class=\"excerpt\">El Ministerio del Ambiente (MAE), tras una alerta de la comunidad, rescat\u00f3 a un c\u00f3ndor (Vultur Gryphus), en la ma\u00f1ana de este martes 25 de junio del 2013. La especie fue encontrada en la comunidad de Campo Alegre, parroquia Francisco de Borja, Cant\u00f3n Quijos, provincia de Napo. Habitantes de la zona alertaron a las autoridades de esta Cartera de Estado&hellip; <a href=\"https:\/\/www.ambienteyenergia.gob.ec\/ambiente\/mae-rescata-a-condor-juvenil-en-napo\/\">Read more &rarr;<\/a><\/p>\n","protected":false},"author":13,"featured_media":12707,"comment_status":"open","ping_status":"open","sticky":false,"template":"","format":"standard","meta":{"footnotes":""},"categories":[16,4,10],"tags":[],"class_list":["post-12706","post","type-post","status-publish","format-standard","has-post-thumbnail","hentry","category-comunicamos","category-noticias","category-noticias-destacadas","xfolkentry"],"_links":{"self":[{"href":"https:\/\/www.ambienteyenergia.gob.ec\/ambiente\/wp-json\/wp\/v2\/posts\/12706","targetHints":{"allow":["GET"]}}],"collection":[{"href":"https:\/\/www.ambienteyenergia.gob.ec\/ambiente\/wp-json\/wp\/v2\/posts"}],"about":[{"href":"https:\/\/www.ambienteyenergia.gob.ec\/ambiente\/wp-json\/wp\/v2\/types\/post"}],"author":[{"embeddable":true,"href":"https:\/\/www.ambienteyenergia.gob.ec\/ambiente\/wp-json\/wp\/v2\/users\/13"}],"replies":[{"embeddable":true,"href":"https:\/\/www.ambienteyenergia.gob.ec\/ambiente\/wp-json\/wp\/v2\/comments?post=12706"}],"version-history":[{"count":0,"href":"https:\/\/www.ambienteyenergia.gob.ec\/ambiente\/wp-json\/wp\/v2\/posts\/12706\/revisions"}],"wp:featuredmedia":[{"embeddable":true,"href":"https:\/\/www.ambienteyenergia.gob.ec\/ambiente\/wp-json\/wp\/v2\/media\/12707"}],"wp:attachment":[{"href":"https:\/\/www.ambienteyenergia.gob.ec\/ambiente\/wp-json\/wp\/v2\/media?parent=12706"}],"wp:term":[{"taxonomy":"category","embeddable":true,"href":"https:\/\/www.ambienteyenergia.gob.ec\/ambiente\/wp-json\/wp\/v2\/categories?post=12706"},{"taxonomy":"post_tag","embeddable":true,"href":"https:\/\/www.ambienteyenergia.gob.ec\/ambiente\/wp-json\/wp\/v2\/tags?post=12706"}],"curies":[{"name":"wp","href":"https:\/\/api.w.org\/{rel}","templated":true}]}}