{"id":12694,"date":"2013-06-25T16:05:16","date_gmt":"2013-06-25T21:05:16","guid":{"rendered":"http:\/\/www.ambiente.gob.ec\/?p=12694"},"modified":"2013-07-11T14:46:53","modified_gmt":"2013-07-11T19:46:53","slug":"mae-capacita-a-las-municipalidades-en-procesos-de-licencias-para-ejecucion-de-proyectos","status":"publish","type":"post","link":"https:\/\/www.ambienteyenergia.gob.ec\/ambiente\/mae-capacita-a-las-municipalidades-en-procesos-de-licencias-para-ejecucion-de-proyectos\/","title":{"rendered":"MAE capacita a las  Municipalidades en procesos de licencias para ejecuci\u00f3n de proyectos"},"content":{"rendered":"<p style=\"text-align: justify;\">Hoy, Ministerio del Ambiente (MAE) y la Asociaci\u00f3n de Municipalidades Ecuatorianas (AME) regional N\u00b01, conformada por los cantones de Esmeraldas, Carchi, Sucumb\u00edos e Imbabura, realizaron un conversatorio en que se trataron temas como regularizaci\u00f3n ambiental, procesos administrativos, cierres t\u00e9cnicos de botaderos, manejo de desechos s\u00f3lidos y agua potable y alcantarillado, entre otros; con la finalidad de optimizar tiempo, y agilitar procesos para la ejecuci\u00f3n de proyectos de ampliaci\u00f3n de cobertura de servicios b\u00e1sicos y saneamiento ambiental.<\/p>\n<p style=\"text-align: justify;\">En la reuni\u00f3n mantenida en la Sede de AME de la ciudad de Ibarra (Imbabura), representantes de los Gobiernos Aut\u00f3nomos Descentralizados y funcionarios de la Subsecretaria de Calidad Ambiental, Programa Nacional para la Gesti\u00f3n Integral de Desechos S\u00f3lidos (PNGIDS) y Direcciones Provinciales de la Coordinaci\u00f3n Zonal del MAE socializaron diferentes puntos para la obtenci\u00f3n de Licencias y manejo de la normativa vigente.<\/p>\n<p style=\"text-align: justify;\">Asimismo, se estructur\u00f3 una hoja ruta, determinando fechas para verificar el cumplimiento de los compromisos adquiridos en ese espacio que interacci\u00f3nen el que esta Cartera de Estado y las Municipalidades tuvieron un acercamiento directo, influenciando de manera positiva al trabajo que estas instituciones realizan en pro del bienestar de la ciudadan\u00eda.<\/p>\n<p style=\"text-align: justify;\">\u201cEsta d\u00eda ha sido fruct\u00edfero porque se cumpli\u00f3 con el prop\u00f3sito de analizar caso por caso las dificultades o problemas en el proceso administrativo, se fij\u00f3 un cronograma para que las cosas funciones y se ejecuten en el menor tiempo posible. En estos conversatorios, podemos apreciar que el MAE tiene apertura que para que los GAD realicen una gesti\u00f3n adecuada de las obras que benefician a la poblaci\u00f3n en concordancia con la conservaci\u00f3n ambiental, dentro del contexto del Buen Vivir\u00bb, indic\u00f3 Marco Polo Cevallos, coordinador regional de AME.<\/p>\n<p style=\"text-align: justify;\">Estas reuniones, que son parte de un acuerdo interinstitucional, se ejecutan desde este mes y finalizar\u00e1n a mediados de julio. Adem\u00e1s, incluir\u00e1n capacitaciones en el uso del Sistema \u00danico de Informaci\u00f3n Ambiental (SUIA), una herramienta que permite la obtenci\u00f3n de licencias y otros tr\u00e1mites en el Ministerio del Ambiente.<\/p>\n<p style=\"text-align: justify;\">Esta Cartera de Estado monitorear\u00e1 el avance de los procesos y la ejecuci\u00f3n de los compromisos adquiridos.<\/p>\n<div id='gallery-1' class='gallery galleryid-12694 gallery-columns-4 gallery-size-thumbnail'><dl class='gallery-item'>\n\t\t\t<dt class='gallery-icon landscape'>\n\t\t\t\t<a href='https:\/\/www.ambienteyenergia.gob.ec\/ambiente\/mae-capacita-a-las-municipalidades-en-procesos-de-licencias-para-ejecucion-de-proyectos\/ame-1\/'><img loading=\"lazy\" decoding=\"async\" width=\"150\" height=\"150\" src=\"https:\/\/www.ambienteyenergia.gob.ec\/ambiente\/wp-content\/uploads\/sites\/2\/2013\/06\/AME-1-150x150.jpg\" class=\"attachment-thumbnail size-thumbnail\" alt=\"\" \/><\/a>\n\t\t\t<\/dt><\/dl><dl class='gallery-item'>\n\t\t\t<dt class='gallery-icon landscape'>\n\t\t\t\t<a href='https:\/\/www.ambienteyenergia.gob.ec\/ambiente\/mae-capacita-a-las-municipalidades-en-procesos-de-licencias-para-ejecucion-de-proyectos\/ame-2\/'><img loading=\"lazy\" decoding=\"async\" width=\"150\" height=\"150\" src=\"https:\/\/www.ambienteyenergia.gob.ec\/ambiente\/wp-content\/uploads\/sites\/2\/2013\/06\/AME-2-150x150.jpg\" class=\"attachment-thumbnail size-thumbnail\" alt=\"\" \/><\/a>\n\t\t\t<\/dt><\/dl><dl class='gallery-item'>\n\t\t\t<dt class='gallery-icon landscape'>\n\t\t\t\t<a href='https:\/\/www.ambienteyenergia.gob.ec\/ambiente\/mae-capacita-a-las-municipalidades-en-procesos-de-licencias-para-ejecucion-de-proyectos\/ame-3\/'><img loading=\"lazy\" decoding=\"async\" width=\"150\" height=\"150\" src=\"https:\/\/www.ambienteyenergia.gob.ec\/ambiente\/wp-content\/uploads\/sites\/2\/2013\/06\/AME-3-150x150.jpg\" class=\"attachment-thumbnail size-thumbnail\" alt=\"\" \/><\/a>\n\t\t\t<\/dt><\/dl><dl class='gallery-item'>\n\t\t\t<dt class='gallery-icon landscape'>\n\t\t\t\t<a href='https:\/\/www.ambienteyenergia.gob.ec\/ambiente\/mae-capacita-a-las-municipalidades-en-procesos-de-licencias-para-ejecucion-de-proyectos\/ame-4\/'><img loading=\"lazy\" decoding=\"async\" width=\"150\" height=\"150\" src=\"https:\/\/www.ambienteyenergia.gob.ec\/ambiente\/wp-content\/uploads\/sites\/2\/2013\/06\/AME-4-150x150.jpg\" class=\"attachment-thumbnail size-thumbnail\" alt=\"\" \/><\/a>\n\t\t\t<\/dt><\/dl><br style=\"clear: both\" \/><dl class='gallery-item'>\n\t\t\t<dt class='gallery-icon landscape'>\n\t\t\t\t<a href='https:\/\/www.ambienteyenergia.gob.ec\/ambiente\/mae-capacita-a-las-municipalidades-en-procesos-de-licencias-para-ejecucion-de-proyectos\/ame-5\/'><img loading=\"lazy\" decoding=\"async\" width=\"150\" height=\"150\" src=\"https:\/\/www.ambienteyenergia.gob.ec\/ambiente\/wp-content\/uploads\/sites\/2\/2013\/06\/AME-5-150x150.jpg\" class=\"attachment-thumbnail size-thumbnail\" alt=\"\" \/><\/a>\n\t\t\t<\/dt><\/dl>\n\t\t\t<br style='clear: both' \/>\n\t\t<\/div>\n\n","protected":false},"excerpt":{"rendered":"<p class=\"excerpt\">Hoy, Ministerio del Ambiente (MAE) y la Asociaci\u00f3n de Municipalidades Ecuatorianas (AME) regional N\u00b01, conformada por los cantones de Esmeraldas, Carchi, Sucumb\u00edos e Imbabura, realizaron un conversatorio en que se trataron temas como regularizaci\u00f3n ambiental, procesos administrativos, cierres t\u00e9cnicos de botaderos, manejo de desechos s\u00f3lidos y agua potable y alcantarillado, entre otros; con la finalidad de optimizar tiempo, y agilitar&hellip; <a href=\"https:\/\/www.ambienteyenergia.gob.ec\/ambiente\/mae-capacita-a-las-municipalidades-en-procesos-de-licencias-para-ejecucion-de-proyectos\/\">Read more &rarr;<\/a><\/p>\n","protected":false},"author":13,"featured_media":12695,"comment_status":"open","ping_status":"open","sticky":false,"template":"","format":"standard","meta":{"footnotes":""},"categories":[16,4],"tags":[],"class_list":["post-12694","post","type-post","status-publish","format-standard","has-post-thumbnail","hentry","category-comunicamos","category-noticias","xfolkentry"],"_links":{"self":[{"href":"https:\/\/www.ambienteyenergia.gob.ec\/ambiente\/wp-json\/wp\/v2\/posts\/12694","targetHints":{"allow":["GET"]}}],"collection":[{"href":"https:\/\/www.ambienteyenergia.gob.ec\/ambiente\/wp-json\/wp\/v2\/posts"}],"about":[{"href":"https:\/\/www.ambienteyenergia.gob.ec\/ambiente\/wp-json\/wp\/v2\/types\/post"}],"author":[{"embeddable":true,"href":"https:\/\/www.ambienteyenergia.gob.ec\/ambiente\/wp-json\/wp\/v2\/users\/13"}],"replies":[{"embeddable":true,"href":"https:\/\/www.ambienteyenergia.gob.ec\/ambiente\/wp-json\/wp\/v2\/comments?post=12694"}],"version-history":[{"count":0,"href":"https:\/\/www.ambienteyenergia.gob.ec\/ambiente\/wp-json\/wp\/v2\/posts\/12694\/revisions"}],"wp:featuredmedia":[{"embeddable":true,"href":"https:\/\/www.ambienteyenergia.gob.ec\/ambiente\/wp-json\/wp\/v2\/media\/12695"}],"wp:attachment":[{"href":"https:\/\/www.ambienteyenergia.gob.ec\/ambiente\/wp-json\/wp\/v2\/media?parent=12694"}],"wp:term":[{"taxonomy":"category","embeddable":true,"href":"https:\/\/www.ambienteyenergia.gob.ec\/ambiente\/wp-json\/wp\/v2\/categories?post=12694"},{"taxonomy":"post_tag","embeddable":true,"href":"https:\/\/www.ambienteyenergia.gob.ec\/ambiente\/wp-json\/wp\/v2\/tags?post=12694"}],"curies":[{"name":"wp","href":"https:\/\/api.w.org\/{rel}","templated":true}]}}