{"id":12691,"date":"2013-06-25T14:54:54","date_gmt":"2013-06-25T19:54:54","guid":{"rendered":"http:\/\/www.ambiente.gob.ec\/?p=12691"},"modified":"2013-06-25T16:23:58","modified_gmt":"2013-06-25T21:23:58","slug":"mae-confirma-existencia-de-una-gran-colonia-anidadora-de-albatros-en-el-area-central-de-la-isla-espanola","status":"publish","type":"post","link":"https:\/\/www.ambienteyenergia.gob.ec\/ambiente\/mae-confirma-existencia-de-una-gran-colonia-anidadora-de-albatros-en-el-area-central-de-la-isla-espanola\/","title":{"rendered":"MAE confirma existencia de una gran colonia anidadora de albatros en el \u00e1rea central de la isla Espa\u00f1ola"},"content":{"rendered":"<p style=\"text-align: justify;\">Guardaparques y cient\u00edficos monitorearon la interacci\u00f3n entre las plantas y los animales para entender si la din\u00e1mica del ecosistema se ha restablecido.<\/p>\n<p style=\"text-align: justify;\">El Ministerio del Ambiente (MAE), a trav\u00e9s de la Direcci\u00f3n del Parque Nacional Gal\u00e1pagos (DPNG), realiz\u00f3 un monitoreo de las interacciones entre plantas y animales en la isla Espa\u00f1ola, ubicada al sureste de Gal\u00e1pagos, con la finalidad de entender si la din\u00e1mica del ecosistema se ha restablecido como resultado de las acciones de manejo ejecutadas por la autoridad ambiental, como la erradicaci\u00f3n de las cabras.<\/p>\n<p style=\"text-align: justify;\">Washington Tapia, responsable de Investigaci\u00f3n Aplicada del DPNG, indic\u00f3 que las cabras fueron erradicadas hace cuatro d\u00e9cadas en esta isla, por lo que se estudia el nivel de restauraci\u00f3n de estos ecosistemas, para lo cual estableci\u00f3 parcelas permanentes, que permitir\u00e1 realizar monitoreo de los cambios y tendencias a largo plazo.<\/p>\n<p style=\"text-align: justify;\">Entre las noticias alentadoras, los cient\u00edficos destacan que pudrieron registrar evidencia que tortugas que nacieron en\u00a0 estado natural han logrado sobrevivir e ingresar a la poblaci\u00f3n adulta, as\u00ed como confirmar que al contrario de lo que indicaban trabajos cient\u00edficos anteriores, existe una gran colonia anidadora de albatros, en la zona central de la isla.<\/p>\n<p style=\"text-align: justify;\">En esta isla los guardaparques y el Dr. James Gibbs, investigador que como parte del Proyecto Prometeo de la Secretar\u00eda Nacional de Educaci\u00f3n Superior, Ciencia, Tecnolog\u00eda e Innovaci\u00f3n (Senescyt) que colabora con la DPNG, tambi\u00e9n colectaron los datos de movimiento y migraci\u00f3n de 11 tortugas que son parte de un proyecto de monitoreo de esta especie, que se realiza en colaboraci\u00f3n con el Instituto Max Planc, de Alemania; y la Fundaci\u00f3n Charles Darwin.<\/p>\n<p style=\"text-align: justify;\">Con el prop\u00f3sito de poder evaluar la interacci\u00f3n entre las tortugas gigantes, los albatros y la vegetaci\u00f3n, el equipo de investigadores de la DPNG estableci\u00f3 10 parcelas permanentes\u00a0 en la zona de anidaci\u00f3n de albatros, en la zona central de la isla; y otras 24 parcelas en el \u00e1rea de vida de las tortugas para evaluar la interacci\u00f3n entre estos quelonios y la vegetaci\u00f3n, principalmente le\u00f1osa y cactus.<\/p>\n<p>&nbsp;<\/p>\n","protected":false},"excerpt":{"rendered":"<p class=\"excerpt\">Guardaparques y cient\u00edficos monitorearon la interacci\u00f3n entre las plantas y los animales para entender si la din\u00e1mica del ecosistema se ha restablecido. El Ministerio del Ambiente (MAE), a trav\u00e9s de la Direcci\u00f3n del Parque Nacional Gal\u00e1pagos (DPNG), realiz\u00f3 un monitoreo de las interacciones entre plantas y animales en la isla Espa\u00f1ola, ubicada al sureste de Gal\u00e1pagos, con la finalidad de&hellip; <a href=\"https:\/\/www.ambienteyenergia.gob.ec\/ambiente\/mae-confirma-existencia-de-una-gran-colonia-anidadora-de-albatros-en-el-area-central-de-la-isla-espanola\/\">Read more &rarr;<\/a><\/p>\n","protected":false},"author":13,"featured_media":12704,"comment_status":"open","ping_status":"open","sticky":false,"template":"","format":"standard","meta":{"footnotes":""},"categories":[16,4],"tags":[],"class_list":["post-12691","post","type-post","status-publish","format-standard","has-post-thumbnail","hentry","category-comunicamos","category-noticias","xfolkentry"],"_links":{"self":[{"href":"https:\/\/www.ambienteyenergia.gob.ec\/ambiente\/wp-json\/wp\/v2\/posts\/12691","targetHints":{"allow":["GET"]}}],"collection":[{"href":"https:\/\/www.ambienteyenergia.gob.ec\/ambiente\/wp-json\/wp\/v2\/posts"}],"about":[{"href":"https:\/\/www.ambienteyenergia.gob.ec\/ambiente\/wp-json\/wp\/v2\/types\/post"}],"author":[{"embeddable":true,"href":"https:\/\/www.ambienteyenergia.gob.ec\/ambiente\/wp-json\/wp\/v2\/users\/13"}],"replies":[{"embeddable":true,"href":"https:\/\/www.ambienteyenergia.gob.ec\/ambiente\/wp-json\/wp\/v2\/comments?post=12691"}],"version-history":[{"count":0,"href":"https:\/\/www.ambienteyenergia.gob.ec\/ambiente\/wp-json\/wp\/v2\/posts\/12691\/revisions"}],"wp:featuredmedia":[{"embeddable":true,"href":"https:\/\/www.ambienteyenergia.gob.ec\/ambiente\/wp-json\/wp\/v2\/media\/12704"}],"wp:attachment":[{"href":"https:\/\/www.ambienteyenergia.gob.ec\/ambiente\/wp-json\/wp\/v2\/media?parent=12691"}],"wp:term":[{"taxonomy":"category","embeddable":true,"href":"https:\/\/www.ambienteyenergia.gob.ec\/ambiente\/wp-json\/wp\/v2\/categories?post=12691"},{"taxonomy":"post_tag","embeddable":true,"href":"https:\/\/www.ambienteyenergia.gob.ec\/ambiente\/wp-json\/wp\/v2\/tags?post=12691"}],"curies":[{"name":"wp","href":"https:\/\/api.w.org\/{rel}","templated":true}]}}