{"id":12682,"date":"2013-06-25T13:54:43","date_gmt":"2013-06-25T18:54:43","guid":{"rendered":"http:\/\/www.ambiente.gob.ec\/?p=12682"},"modified":"2013-06-25T13:54:43","modified_gmt":"2013-06-25T18:54:43","slug":"alrededor-de-20-ninos-de-la-comunidad-de-chontayacu-celebraron-el-dia-de-los-bosques-tropicales","status":"publish","type":"post","link":"https:\/\/www.ambienteyenergia.gob.ec\/ambiente\/alrededor-de-20-ninos-de-la-comunidad-de-chontayacu-celebraron-el-dia-de-los-bosques-tropicales\/","title":{"rendered":"Alrededor de 20 ni\u00f1os de la comunidad de Chontayacu celebraron el D\u00eda de los Bosques Tropicales"},"content":{"rendered":"<p style=\"text-align: justify;\">Ayer, el Ministerio del Ambiente (MAE) reforest\u00f3 50 especies de plantas nativas en la zona de amortiguamiento del Parque Nacional Llanganates, en conmemoraci\u00f3n al D\u00eda de los Bosques Tropicales, que se celebra el 26 de junio de cada a\u00f1o. En el evento participaron 20 ni\u00f1os de la comunidad de Chontayacu, asentada en la zona de amortiguamiento del \u00c1rea Protegida, ubicada en la provincia de Pastaza.<\/p>\n<p style=\"text-align: justify;\">Bajo una lluvia intensa caracter\u00edstica de esta zona, ni\u00f1os, profesores y padres de familia recibieron una inducci\u00f3n de funcionarios del MAE, para el proceso de plantaci\u00f3n. Luego, procedieron a hacer huecos y a sembrar especies de la zona como Gubas, Frutipan, Caoba y Copal. Cada planta fue bautizada con el nombre del ni\u00f1o que la sembr\u00f3 para comprometerlos en su cuidado.<\/p>\n<p style=\"text-align: justify;\">Luego del acto, se proyect\u00f3 el video documental \u201cLlanganates una Leyenda Viviente\u201d, con la poca energ\u00eda del panel solar de la comunidad. Los ni\u00f1os emocionados observaron las im\u00e1genes sobre la diversidad del Llanganates, donde se exteriorizaba su riqueza natural.<\/p>\n<p style=\"text-align: justify;\">El objetivo de esta iniciativa fue concienciar a las y los actores locales en la conservaci\u00f3n del Parque Nacional Llanganates, a trav\u00e9s de actividades de educaci\u00f3n ambiental que promuevan el manejo sustentable de los recursos bosques.<\/p>\n<p style=\"text-align: justify;\"><strong>El dato<\/strong><\/p>\n<p style=\"text-align: justify;\">El 50% del territorio del Parque Nacional Llanganates est\u00e1 cubierto de bosques subtropicales<\/p>\n<div id='gallery-1' class='gallery galleryid-12682 gallery-columns-4 gallery-size-thumbnail'><dl class='gallery-item'>\n\t\t\t<dt class='gallery-icon landscape'>\n\t\t\t\t<a href='https:\/\/www.ambienteyenergia.gob.ec\/ambiente\/alrededor-de-20-ninos-de-la-comunidad-de-chontayacu-celebraron-el-dia-de-los-bosques-tropicales\/sony-dsc-31\/'><img loading=\"lazy\" decoding=\"async\" width=\"150\" height=\"150\" src=\"https:\/\/www.ambienteyenergia.gob.ec\/ambiente\/wp-content\/uploads\/sites\/2\/2013\/06\/Llanganates-1-150x150.jpg\" class=\"attachment-thumbnail size-thumbnail\" alt=\"\" \/><\/a>\n\t\t\t<\/dt><\/dl><dl class='gallery-item'>\n\t\t\t<dt class='gallery-icon landscape'>\n\t\t\t\t<a href='https:\/\/www.ambienteyenergia.gob.ec\/ambiente\/alrededor-de-20-ninos-de-la-comunidad-de-chontayacu-celebraron-el-dia-de-los-bosques-tropicales\/sony-dsc-32\/'><img loading=\"lazy\" decoding=\"async\" width=\"150\" height=\"150\" src=\"https:\/\/www.ambienteyenergia.gob.ec\/ambiente\/wp-content\/uploads\/sites\/2\/2013\/06\/Llanganates-2-150x150.jpg\" class=\"attachment-thumbnail size-thumbnail\" alt=\"\" \/><\/a>\n\t\t\t<\/dt><\/dl><dl class='gallery-item'>\n\t\t\t<dt class='gallery-icon landscape'>\n\t\t\t\t<a href='https:\/\/www.ambienteyenergia.gob.ec\/ambiente\/alrededor-de-20-ninos-de-la-comunidad-de-chontayacu-celebraron-el-dia-de-los-bosques-tropicales\/sony-dsc-33\/'><img loading=\"lazy\" decoding=\"async\" width=\"150\" height=\"150\" src=\"https:\/\/www.ambienteyenergia.gob.ec\/ambiente\/wp-content\/uploads\/sites\/2\/2013\/06\/Llanganates-3-150x150.jpg\" class=\"attachment-thumbnail size-thumbnail\" alt=\"\" \/><\/a>\n\t\t\t<\/dt><\/dl><dl class='gallery-item'>\n\t\t\t<dt class='gallery-icon portrait'>\n\t\t\t\t<a href='https:\/\/www.ambienteyenergia.gob.ec\/ambiente\/alrededor-de-20-ninos-de-la-comunidad-de-chontayacu-celebraron-el-dia-de-los-bosques-tropicales\/sony-dsc-34\/'><img loading=\"lazy\" decoding=\"async\" width=\"150\" height=\"150\" src=\"https:\/\/www.ambienteyenergia.gob.ec\/ambiente\/wp-content\/uploads\/sites\/2\/2013\/06\/Llanganates-4-150x150.jpg\" class=\"attachment-thumbnail size-thumbnail\" alt=\"\" \/><\/a>\n\t\t\t<\/dt><\/dl><br style=\"clear: both\" \/><dl class='gallery-item'>\n\t\t\t<dt class='gallery-icon landscape'>\n\t\t\t\t<a href='https:\/\/www.ambienteyenergia.gob.ec\/ambiente\/alrededor-de-20-ninos-de-la-comunidad-de-chontayacu-celebraron-el-dia-de-los-bosques-tropicales\/sony-dsc-35\/'><img loading=\"lazy\" decoding=\"async\" width=\"150\" height=\"150\" src=\"https:\/\/www.ambienteyenergia.gob.ec\/ambiente\/wp-content\/uploads\/sites\/2\/2013\/06\/Llanganates-5-150x150.jpg\" class=\"attachment-thumbnail size-thumbnail\" alt=\"\" \/><\/a>\n\t\t\t<\/dt><\/dl><dl class='gallery-item'>\n\t\t\t<dt class='gallery-icon portrait'>\n\t\t\t\t<a href='https:\/\/www.ambienteyenergia.gob.ec\/ambiente\/alrededor-de-20-ninos-de-la-comunidad-de-chontayacu-celebraron-el-dia-de-los-bosques-tropicales\/sony-dsc-36\/'><img loading=\"lazy\" decoding=\"async\" width=\"150\" height=\"150\" src=\"https:\/\/www.ambienteyenergia.gob.ec\/ambiente\/wp-content\/uploads\/sites\/2\/2013\/06\/Llanganates-6-150x150.jpg\" class=\"attachment-thumbnail size-thumbnail\" alt=\"\" \/><\/a>\n\t\t\t<\/dt><\/dl>\n\t\t\t<br style='clear: both' \/>\n\t\t<\/div>\n\n","protected":false},"excerpt":{"rendered":"<p class=\"excerpt\">Ayer, el Ministerio del Ambiente (MAE) reforest\u00f3 50 especies de plantas nativas en la zona de amortiguamiento del Parque Nacional Llanganates, en conmemoraci\u00f3n al D\u00eda de los Bosques Tropicales, que se celebra el 26 de junio de cada a\u00f1o. En el evento participaron 20 ni\u00f1os de la comunidad de Chontayacu, asentada en la zona de amortiguamiento del \u00c1rea Protegida, ubicada&hellip; <a href=\"https:\/\/www.ambienteyenergia.gob.ec\/ambiente\/alrededor-de-20-ninos-de-la-comunidad-de-chontayacu-celebraron-el-dia-de-los-bosques-tropicales\/\">Read more &rarr;<\/a><\/p>\n","protected":false},"author":13,"featured_media":12683,"comment_status":"open","ping_status":"open","sticky":false,"template":"","format":"standard","meta":{"footnotes":""},"categories":[16,4],"tags":[],"class_list":["post-12682","post","type-post","status-publish","format-standard","has-post-thumbnail","hentry","category-comunicamos","category-noticias","xfolkentry"],"_links":{"self":[{"href":"https:\/\/www.ambienteyenergia.gob.ec\/ambiente\/wp-json\/wp\/v2\/posts\/12682","targetHints":{"allow":["GET"]}}],"collection":[{"href":"https:\/\/www.ambienteyenergia.gob.ec\/ambiente\/wp-json\/wp\/v2\/posts"}],"about":[{"href":"https:\/\/www.ambienteyenergia.gob.ec\/ambiente\/wp-json\/wp\/v2\/types\/post"}],"author":[{"embeddable":true,"href":"https:\/\/www.ambienteyenergia.gob.ec\/ambiente\/wp-json\/wp\/v2\/users\/13"}],"replies":[{"embeddable":true,"href":"https:\/\/www.ambienteyenergia.gob.ec\/ambiente\/wp-json\/wp\/v2\/comments?post=12682"}],"version-history":[{"count":0,"href":"https:\/\/www.ambienteyenergia.gob.ec\/ambiente\/wp-json\/wp\/v2\/posts\/12682\/revisions"}],"wp:featuredmedia":[{"embeddable":true,"href":"https:\/\/www.ambienteyenergia.gob.ec\/ambiente\/wp-json\/wp\/v2\/media\/12683"}],"wp:attachment":[{"href":"https:\/\/www.ambienteyenergia.gob.ec\/ambiente\/wp-json\/wp\/v2\/media?parent=12682"}],"wp:term":[{"taxonomy":"category","embeddable":true,"href":"https:\/\/www.ambienteyenergia.gob.ec\/ambiente\/wp-json\/wp\/v2\/categories?post=12682"},{"taxonomy":"post_tag","embeddable":true,"href":"https:\/\/www.ambienteyenergia.gob.ec\/ambiente\/wp-json\/wp\/v2\/tags?post=12682"}],"curies":[{"name":"wp","href":"https:\/\/api.w.org\/{rel}","templated":true}]}}