{"id":12678,"date":"2013-06-25T11:15:53","date_gmt":"2013-06-25T16:15:53","guid":{"rendered":"http:\/\/www.ambiente.gob.ec\/?p=12678"},"modified":"2013-06-25T11:15:53","modified_gmt":"2013-06-25T16:15:53","slug":"venado-de-cola-blanca-fue-rescatado-en-loja","status":"publish","type":"post","link":"https:\/\/www.ambienteyenergia.gob.ec\/ambiente\/venado-de-cola-blanca-fue-rescatado-en-loja\/","title":{"rendered":"Venado de cola blanca fue rescatado en Loja"},"content":{"rendered":"<p style=\"text-align: justify;\">El Ministerio del Ambiente (MAE) rescat\u00f3 a un venado de cola blanca (Odocoileus peruvianus), el pasado 19 de junio, en un operativo de control de vida silvestre en el cant\u00f3n Celica, provincia de Loja.<\/p>\n<p style=\"text-align: justify;\">Funcionarios del MAE, en coordinaci\u00f3n con miembros de la Unidad de Protecci\u00f3n del Medio Ambiente de la Polic\u00eda Nacional (UPMA), realizaron la inspecci\u00f3n in situ para comprobar la presencia del esp\u00e9cimen, que al parecer es una hembra porque no tiene cornamenta. Los machos despu\u00e9s de la \u00e9poca de apareamiento se deshacen de sus cuernos, por lo que fue dif\u00edcil determinar el sexo del animal a simple vista.<\/p>\n<p style=\"text-align: justify;\">Las personas que retuvieron al mam\u00edfero lo entregaron voluntariamente. El ciervo permanec\u00eda en una hacienda del sector y fue domesticado desde temprana edad, luego de que cazadores mataran a su madre.<\/p>\n<p style=\"text-align: justify;\">El venado fue trasladado al Zool\u00f3gico Municipal de Loja, ubicado al norte de la ciudad, en el Parque Lineal \u201cOrillas del Zamora\u201d a 3 kil\u00f3metros del centro de la urbe, donde recibir\u00e1 atenci\u00f3n m\u00e9dica y alimentaci\u00f3n adecuada. Despu\u00e9s de varios ex\u00e1menes se determin\u00f3 que es imposible reinsertar al esp\u00e9cimen en su h\u00e1bitat porque ha sido domesticado por a\u00f1os y no podr\u00eda sobrevivir solo. Por esa raz\u00f3n este centro de rescate ser\u00e1 su nuevo hogar, donde compartir\u00e1 con otros de su misma especie, incluso se prev\u00e9 que pueda tener cr\u00edas en un futuro con uno de los machos.<\/p>\n<p style=\"text-align: justify;\">La Direcci\u00f3n Provincial del Ambiente en lo que va del a\u00f1o ha rescatado a 14 especies diferentes. El MAE seguir\u00e1 trabando en estos operativos con el objetivo de reducir la tenencia de espec\u00edmenes de vida silvestre, tr\u00e1fico y comercio ilegal.<\/p>\n<p style=\"text-align: justify;\">El dato<\/p>\n<p style=\"text-align: justify;\">El cant\u00f3n Celica se encuentra al sur de la\u00a0provincia de Loja, a 178 Km aproximadamente. Su nombre significa \u00abCelestial\u00bb, por su cielo turquesa y la diversidad de paisajes, posee una extensi\u00f3n de 521 km2, est\u00e1 integrado por cinco parroquias Cruzpamba, Algarrobillo, P\u00f3zul y Sabanilla.<\/p>\n<p style=\"text-align: justify;\">\n","protected":false},"excerpt":{"rendered":"<p class=\"excerpt\">El Ministerio del Ambiente (MAE) rescat\u00f3 a un venado de cola blanca (Odocoileus peruvianus), el pasado 19 de junio, en un operativo de control de vida silvestre en el cant\u00f3n Celica, provincia de Loja. Funcionarios del MAE, en coordinaci\u00f3n con miembros de la Unidad de Protecci\u00f3n del Medio Ambiente de la Polic\u00eda Nacional (UPMA), realizaron la inspecci\u00f3n in situ para&hellip; <a href=\"https:\/\/www.ambienteyenergia.gob.ec\/ambiente\/venado-de-cola-blanca-fue-rescatado-en-loja\/\">Read more &rarr;<\/a><\/p>\n","protected":false},"author":13,"featured_media":12679,"comment_status":"open","ping_status":"open","sticky":false,"template":"","format":"standard","meta":{"footnotes":""},"categories":[16,4],"tags":[],"class_list":["post-12678","post","type-post","status-publish","format-standard","has-post-thumbnail","hentry","category-comunicamos","category-noticias","xfolkentry"],"_links":{"self":[{"href":"https:\/\/www.ambienteyenergia.gob.ec\/ambiente\/wp-json\/wp\/v2\/posts\/12678","targetHints":{"allow":["GET"]}}],"collection":[{"href":"https:\/\/www.ambienteyenergia.gob.ec\/ambiente\/wp-json\/wp\/v2\/posts"}],"about":[{"href":"https:\/\/www.ambienteyenergia.gob.ec\/ambiente\/wp-json\/wp\/v2\/types\/post"}],"author":[{"embeddable":true,"href":"https:\/\/www.ambienteyenergia.gob.ec\/ambiente\/wp-json\/wp\/v2\/users\/13"}],"replies":[{"embeddable":true,"href":"https:\/\/www.ambienteyenergia.gob.ec\/ambiente\/wp-json\/wp\/v2\/comments?post=12678"}],"version-history":[{"count":0,"href":"https:\/\/www.ambienteyenergia.gob.ec\/ambiente\/wp-json\/wp\/v2\/posts\/12678\/revisions"}],"wp:featuredmedia":[{"embeddable":true,"href":"https:\/\/www.ambienteyenergia.gob.ec\/ambiente\/wp-json\/wp\/v2\/media\/12679"}],"wp:attachment":[{"href":"https:\/\/www.ambienteyenergia.gob.ec\/ambiente\/wp-json\/wp\/v2\/media?parent=12678"}],"wp:term":[{"taxonomy":"category","embeddable":true,"href":"https:\/\/www.ambienteyenergia.gob.ec\/ambiente\/wp-json\/wp\/v2\/categories?post=12678"},{"taxonomy":"post_tag","embeddable":true,"href":"https:\/\/www.ambienteyenergia.gob.ec\/ambiente\/wp-json\/wp\/v2\/tags?post=12678"}],"curies":[{"name":"wp","href":"https:\/\/api.w.org\/{rel}","templated":true}]}}