{"id":12668,"date":"2013-06-25T08:33:08","date_gmt":"2013-06-25T13:33:08","guid":{"rendered":"http:\/\/www.ambiente.gob.ec\/?p=12668"},"modified":"2013-06-25T08:58:40","modified_gmt":"2013-06-25T13:58:40","slug":"la-sexta-conferencia-de-las-partes-de-la-cit-se-desarrollara-en-galapagos","status":"publish","type":"post","link":"https:\/\/www.ambienteyenergia.gob.ec\/ambiente\/la-sexta-conferencia-de-las-partes-de-la-cit-se-desarrollara-en-galapagos\/","title":{"rendered":"La Sexta Conferencia de las Partes de la CIT se desarrollar\u00e1 en Gal\u00e1pagos"},"content":{"rendered":"<p style=\"text-align: justify;\">Las delegaciones de los Pa\u00edses Partes se reunir\u00e1n en Puerto Ayora y analizar\u00e1n la situaci\u00f3n de la tortuga marina, entre otros temas.<\/p>\n<p style=\"text-align: justify;\">Desde el 26 hasta el 28 de junio, Gal\u00e1pagos recibe a delegaciones de 12 de los 15 pa\u00edses que forman parte de la Convenci\u00f3n Interamericana para la Protecci\u00f3n y Conservaci\u00f3n de las Tortugas Marinas (CIT), que celebrar\u00e1n en Puerto Ayora-Santa Cruz la Sexta Conferencia de las Partes.<\/p>\n<p style=\"text-align: justify;\">La CIT entr\u00f3 en vigor en mayo del a\u00f1o 2001. Este tratado intergubernamental provee el marco legal para que los pa\u00edses del continente americano tomen acciones en favor de estas especies.<\/p>\n<p style=\"text-align: justify;\">El tratado ha sido firmado por Argentina, Belice, Brasil, Chile, Costa Rica, Ecuador, Estado Unidos, Guatemala, Honduras, M\u00e9xico, Pa\u00edses Bajos, Panam\u00e1, Per\u00fa, Uruguay, Venezuela.<\/p>\n<p style=\"text-align: justify;\">Los Pa\u00edses Partes a trav\u00e9s de la CIT promueven la protecci\u00f3n, conservaci\u00f3n y recuperaci\u00f3n de las poblaciones de tortugas marinas y de los h\u00e1bitats de los cuales dependen, sobre la base de las informaciones fidedignas considerando las caracter\u00edsticas ambientales, socioecon\u00f3micas y culturales de las Partes.<\/p>\n<p style=\"text-align: justify;\">Desde ma\u00f1ana est\u00e1 prevista la llegada de las delegaciones, que del 26 al 28 de junio participar\u00e1n en la ceremonia de apertura y presentaci\u00f3n de los puntos focales, entre otros importantes.<\/p>\n<p style=\"text-align: justify;\">En esta reuni\u00f3n ser\u00e1 presentado un informe sobre la situaci\u00f3n de la tortuga Baula del Pac\u00edfico Oriental; tambi\u00e9n ser\u00e1 analizado el uso de las tortugas marinas o sus productos y las excepciones presentadas por Panam\u00e1 y Guatemala.<\/p>\n<p style=\"text-align: justify;\">Los participantes tambi\u00e9n visitar\u00e1n la Playa Bachas, ubicada al noroeste de la isla Santa Cruz, por ser uno de los principales sitios de anidaci\u00f3n de tortugas marinas, donde la Direcci\u00f3n del Parque Nacional Gal\u00e1pagos cuenta con un campamento de monitoreo de la tortuga marina Chelonia mydas. La DPNG tambi\u00e9n realiza monitoreos de los sitios de anidaci\u00f3n en otras islas como Isabela, en el sector Quinta Playa (foto inferior).<\/p>\n<div id='gallery-1' class='gallery galleryid-12668 gallery-columns-4 gallery-size-thumbnail'><dl class='gallery-item'>\n\t\t\t<dt class='gallery-icon landscape'>\n\t\t\t\t<a href='https:\/\/www.ambienteyenergia.gob.ec\/ambiente\/la-sexta-conferencia-de-las-partes-de-la-cit-se-desarrollara-en-galapagos\/cit-1\/'><img loading=\"lazy\" decoding=\"async\" width=\"150\" height=\"150\" src=\"https:\/\/www.ambienteyenergia.gob.ec\/ambiente\/wp-content\/uploads\/sites\/2\/2013\/06\/cit-1-150x150.jpg\" class=\"attachment-thumbnail size-thumbnail\" alt=\"\" \/><\/a>\n\t\t\t<\/dt><\/dl><dl class='gallery-item'>\n\t\t\t<dt class='gallery-icon landscape'>\n\t\t\t\t<a href='https:\/\/www.ambienteyenergia.gob.ec\/ambiente\/la-sexta-conferencia-de-las-partes-de-la-cit-se-desarrollara-en-galapagos\/cit-2\/'><img loading=\"lazy\" decoding=\"async\" width=\"150\" height=\"150\" src=\"https:\/\/www.ambienteyenergia.gob.ec\/ambiente\/wp-content\/uploads\/sites\/2\/2013\/06\/cit-2-150x150.jpg\" class=\"attachment-thumbnail size-thumbnail\" alt=\"\" \/><\/a>\n\t\t\t<\/dt><\/dl>\n\t\t\t<br style='clear: both' \/>\n\t\t<\/div>\n\n","protected":false},"excerpt":{"rendered":"<p class=\"excerpt\">Las delegaciones de los Pa\u00edses Partes se reunir\u00e1n en Puerto Ayora y analizar\u00e1n la situaci\u00f3n de la tortuga marina, entre otros temas. Desde el 26 hasta el 28 de junio, Gal\u00e1pagos recibe a delegaciones de 12 de los 15 pa\u00edses que forman parte de la Convenci\u00f3n Interamericana para la Protecci\u00f3n y Conservaci\u00f3n de las Tortugas Marinas (CIT), que celebrar\u00e1n en&hellip; <a href=\"https:\/\/www.ambienteyenergia.gob.ec\/ambiente\/la-sexta-conferencia-de-las-partes-de-la-cit-se-desarrollara-en-galapagos\/\">Read more &rarr;<\/a><\/p>\n","protected":false},"author":13,"featured_media":12673,"comment_status":"open","ping_status":"open","sticky":false,"template":"","format":"standard","meta":{"footnotes":""},"categories":[16,4],"tags":[],"class_list":["post-12668","post","type-post","status-publish","format-standard","has-post-thumbnail","hentry","category-comunicamos","category-noticias","xfolkentry"],"_links":{"self":[{"href":"https:\/\/www.ambienteyenergia.gob.ec\/ambiente\/wp-json\/wp\/v2\/posts\/12668","targetHints":{"allow":["GET"]}}],"collection":[{"href":"https:\/\/www.ambienteyenergia.gob.ec\/ambiente\/wp-json\/wp\/v2\/posts"}],"about":[{"href":"https:\/\/www.ambienteyenergia.gob.ec\/ambiente\/wp-json\/wp\/v2\/types\/post"}],"author":[{"embeddable":true,"href":"https:\/\/www.ambienteyenergia.gob.ec\/ambiente\/wp-json\/wp\/v2\/users\/13"}],"replies":[{"embeddable":true,"href":"https:\/\/www.ambienteyenergia.gob.ec\/ambiente\/wp-json\/wp\/v2\/comments?post=12668"}],"version-history":[{"count":0,"href":"https:\/\/www.ambienteyenergia.gob.ec\/ambiente\/wp-json\/wp\/v2\/posts\/12668\/revisions"}],"wp:featuredmedia":[{"embeddable":true,"href":"https:\/\/www.ambienteyenergia.gob.ec\/ambiente\/wp-json\/wp\/v2\/media\/12673"}],"wp:attachment":[{"href":"https:\/\/www.ambienteyenergia.gob.ec\/ambiente\/wp-json\/wp\/v2\/media?parent=12668"}],"wp:term":[{"taxonomy":"category","embeddable":true,"href":"https:\/\/www.ambienteyenergia.gob.ec\/ambiente\/wp-json\/wp\/v2\/categories?post=12668"},{"taxonomy":"post_tag","embeddable":true,"href":"https:\/\/www.ambienteyenergia.gob.ec\/ambiente\/wp-json\/wp\/v2\/tags?post=12668"}],"curies":[{"name":"wp","href":"https:\/\/api.w.org\/{rel}","templated":true}]}}