{"id":12658,"date":"2013-06-24T16:53:59","date_gmt":"2013-06-24T21:53:59","guid":{"rendered":"http:\/\/www.ambiente.gob.ec\/?p=12658"},"modified":"2013-06-24T16:53:59","modified_gmt":"2013-06-24T21:53:59","slug":"con-emision-de-sello-postal-se-conmemorara-el-primer-ano-de-muerte-del-solitario-george","status":"publish","type":"post","link":"https:\/\/www.ambienteyenergia.gob.ec\/ambiente\/con-emision-de-sello-postal-se-conmemorara-el-primer-ano-de-muerte-del-solitario-george\/","title":{"rendered":"Con emisi\u00f3n de sello postal se conmemorar\u00e1 el primer a\u00f1o de muerte del Solitario George"},"content":{"rendered":"<p style=\"text-align: justify;\"><strong>La \u00faltima tortuga terrestre de la especie Chelonoidis abingdonii, muri\u00f3 el 24 de junio del a\u00f1o pasado en el Centro de Crianza Fausto Llerena, de la Direcci\u00f3n del Parque Nacional Gal\u00e1pagos.<\/strong><\/p>\n<p style=\"text-align: justify;\">Al recordarse hoy el primer aniversario de la muerte del Solitario George, \u00faltima tortuga gigante de la especie Chelonoidis abingdonii, que el 24 de junio del a\u00f1o pasado fue hallado muerto en el corral en el que vivi\u00f3 durante varias d\u00e9cadas, en el Centro de Crianza Fausto Llerena, de la Direcci\u00f3n del Parque Nacional Gal\u00e1pagos; el Gobierno Ecuatoriano conmemorar\u00e1 su desaparici\u00f3n con la emisi\u00f3n especial de un sello postal.<\/p>\n<p style=\"text-align: justify;\">La presentaci\u00f3n del sello ser\u00e1 realizada durante la sesi\u00f3n solemne por el LIV aniversario de la Direcci\u00f3n del Parque Nacional Gal\u00e1pagos, en las instalaciones de la instituci\u00f3n en Puerto Ayora &#8211; isla Santa Cruz.<\/p>\n<p style=\"text-align: justify;\">Correos del Ecuador EP prepar\u00f3 una edici\u00f3n especial compuesta por una carpeta con un bolet\u00edn, sobre del primer d\u00eda, sello, matasello y hoja suvenir, que ser\u00e1n presentados el 4 de julio, durante la ceremonia de aniversario de la DPNG.<\/p>\n<p style=\"text-align: justify;\"><strong>Historia<\/strong><\/p>\n<p style=\"text-align: justify;\">El Solitario George fue hallado en 1972 por una expedici\u00f3n de guardaparques que viaj\u00f3 a la isla Pinta, para realizar control de especies invasoras y continuar la b\u00fasqueda de una tortuga nativa, despu\u00e9s de que el 1 de diciembre de 1971, el bi\u00f3logo estadounidense Joseph Vagvolgi observ\u00f3 una, cuando se cre\u00eda que estaba desaparecida.<\/p>\n<p style=\"text-align: justify;\">En 1972 el cient\u00edfico Ole Hamann captur\u00f3 la primera y \u00fanica imagen fotogr\u00e1fica del esp\u00e9cimen en su isla natal. Ese a\u00f1o fue trasladado al centro de crianza en Puerto Ayora, donde pas\u00f3 la \u00faltimas cuatro d\u00e9cadas bajo el cuidado del guardaparque Fausto Llerena.<\/p>\n<p style=\"text-align: justify;\">En sus esfuerzos por reproducir la especie, la DPNG introdujo en su corral dos hembras, que pertenec\u00edan a una especie m\u00e1s similar gen\u00e9ticamente, pero los huevos hallados e incubados posteriormente no hab\u00edan sido fertilizados.<\/p>\n<p style=\"text-align: justify;\"><strong>Planes<\/strong><\/p>\n<p>En marzo pasado el cuerpo del Solitario George fue enviado al Museo Americano de Historia Natural, en Nueva York, donde est\u00e1 siendo embalsamado. Tras este proceso retornar\u00e1 a Gal\u00e1pagos, donde formar\u00e1 parte de una exhibici\u00f3n en un museo dedicado a las tortugas.<\/p>\n<p>Entre los planes tambi\u00e9n se encuentra un proyecto a largo plazo para resucitar la especie Chelonoidis abingdonii, utilizando tortugas h\u00edbridas, halladas en el volc\u00e1n Wolf, en la isla Isabela.<\/p>\n","protected":false},"excerpt":{"rendered":"<p class=\"excerpt\">La \u00faltima tortuga terrestre de la especie Chelonoidis abingdonii, muri\u00f3 el 24 de junio del a\u00f1o pasado en el Centro de Crianza Fausto Llerena, de la Direcci\u00f3n del Parque Nacional Gal\u00e1pagos. Al recordarse hoy el primer aniversario de la muerte del Solitario George, \u00faltima tortuga gigante de la especie Chelonoidis abingdonii, que el 24 de junio del a\u00f1o pasado fue&hellip; <a href=\"https:\/\/www.ambienteyenergia.gob.ec\/ambiente\/con-emision-de-sello-postal-se-conmemorara-el-primer-ano-de-muerte-del-solitario-george\/\">Read more &rarr;<\/a><\/p>\n","protected":false},"author":13,"featured_media":12659,"comment_status":"open","ping_status":"open","sticky":false,"template":"","format":"standard","meta":{"footnotes":""},"categories":[16,4],"tags":[],"class_list":["post-12658","post","type-post","status-publish","format-standard","has-post-thumbnail","hentry","category-comunicamos","category-noticias","xfolkentry"],"_links":{"self":[{"href":"https:\/\/www.ambienteyenergia.gob.ec\/ambiente\/wp-json\/wp\/v2\/posts\/12658","targetHints":{"allow":["GET"]}}],"collection":[{"href":"https:\/\/www.ambienteyenergia.gob.ec\/ambiente\/wp-json\/wp\/v2\/posts"}],"about":[{"href":"https:\/\/www.ambienteyenergia.gob.ec\/ambiente\/wp-json\/wp\/v2\/types\/post"}],"author":[{"embeddable":true,"href":"https:\/\/www.ambienteyenergia.gob.ec\/ambiente\/wp-json\/wp\/v2\/users\/13"}],"replies":[{"embeddable":true,"href":"https:\/\/www.ambienteyenergia.gob.ec\/ambiente\/wp-json\/wp\/v2\/comments?post=12658"}],"version-history":[{"count":0,"href":"https:\/\/www.ambienteyenergia.gob.ec\/ambiente\/wp-json\/wp\/v2\/posts\/12658\/revisions"}],"wp:featuredmedia":[{"embeddable":true,"href":"https:\/\/www.ambienteyenergia.gob.ec\/ambiente\/wp-json\/wp\/v2\/media\/12659"}],"wp:attachment":[{"href":"https:\/\/www.ambienteyenergia.gob.ec\/ambiente\/wp-json\/wp\/v2\/media?parent=12658"}],"wp:term":[{"taxonomy":"category","embeddable":true,"href":"https:\/\/www.ambienteyenergia.gob.ec\/ambiente\/wp-json\/wp\/v2\/categories?post=12658"},{"taxonomy":"post_tag","embeddable":true,"href":"https:\/\/www.ambienteyenergia.gob.ec\/ambiente\/wp-json\/wp\/v2\/tags?post=12658"}],"curies":[{"name":"wp","href":"https:\/\/api.w.org\/{rel}","templated":true}]}}