{"id":12650,"date":"2013-06-24T12:58:39","date_gmt":"2013-06-24T17:58:39","guid":{"rendered":"http:\/\/www.ambiente.gob.ec\/?p=12650"},"modified":"2013-06-24T15:10:51","modified_gmt":"2013-06-24T20:10:51","slug":"el-peritaje-del-mae-fue-decisivo-para-comprobar-grado-de-contaminacion-del-estero-chicharron","status":"publish","type":"post","link":"https:\/\/www.ambienteyenergia.gob.ec\/ambiente\/el-peritaje-del-mae-fue-decisivo-para-comprobar-grado-de-contaminacion-del-estero-chicharron\/","title":{"rendered":"Peritaje del MAE fue decisivo para comprobar grado de  contaminaci\u00f3n del Estero Chicharr\u00f3n, en Monta\u00f1ita"},"content":{"rendered":"<p align=\"JUSTIFY\"><span style=\"color: #000000;\"><span style=\"font-family: Calibri;\"><span style=\"font-size: small;\">El pasado 19 de junio, el Juez Primero de Garant\u00edas Penales de Santa Elena, Oswaldo Zapata, dict\u00f3 prisi\u00f3n preventiva contra Carlos L., uno de los cinco procesados por el presunto delito de contaminaci\u00f3n ambiental en la comuna de Monta\u00f1ita, provincia de Santa Elena. En la audiencia de formulaci\u00f3n de cargos tambi\u00e9n estuvo presente Galo Chiriboga, Fiscal General del Estado.<\/span><\/span><\/span><\/p>\n<p align=\"JUSTIFY\"><span style=\"color: #000000;\"><span style=\"font-family: Calibri;\"><span style=\"font-size: small;\">El\u00a0Ministerio del Ambiente (MAE), a trav\u00e9s del Programa de Reparaci\u00f3n Ambiental y Social (PRAS), aport\u00f3 con pruebas periciales indispensables para comprobar el grado de contaminaci\u00f3n ambiental causada por el desfogue de aguas servidas, negras o cloacales, en el estero Chicharr\u00f3n, las cuales desembocan en el Mar.<\/span><\/span><\/span><\/p>\n<p align=\"JUSTIFY\"><span style=\"color: #000000;\"><span style=\"font-family: Calibri;\"><span style=\"font-size: small;\">Mediante una inspecci\u00f3n t\u00e9cnica ocular y toma de muestras de aguas, sedimentos e interpretaci\u00f3n de resultados se verific\u00f3 la presencia de residuos s\u00f3lidos, tanto org\u00e1nicos como inorg\u00e1nicos, dispuestos en las orillas del estero. All\u00ed, los peritos del PRAS, observaron que el agua ten\u00eda coloraci\u00f3n verdosa y apariencia turbia. Adem\u00e1s, constataron la presencia de s\u00f3lidos en suspensi\u00f3n y materia org\u00e1nica en descomposici\u00f3n. No obstante, los peritos concluyeron que ni el Patrimonio de \u00c1reas Naturales del Estado (PANE), ni el Sistema Nacional de \u00c1reas Protegidas (SNAP) fue afectado por esas aguas.<\/span><\/span><\/span><\/p>\n<p align=\"JUSTIFY\"><span style=\"color: #000000;\"><span style=\"font-family: Calibri;\"><span style=\"font-size: small;\">La investigaci\u00f3n tambi\u00e9n evidenci\u00f3 que una de las causas del problema fue la construcci\u00f3n de un dique para la contenci\u00f3n de las aguas del estero Chicharr\u00f3n. Esta infraestructura no habr\u00eda sido elaborada dentro de los par\u00e1metros t\u00e9cnicos adecuados, lo que provoc\u00f3 el desbordamiento de las aguas hacia el mar.<\/span><\/span><\/span><\/p>\n<p align=\"JUSTIFY\"><span style=\"color: #000000;\"><span style=\"font-family: Calibri;\"><span style=\"font-size: small;\">Este proceso legal continuar\u00e1 hasta determinar las sanciones que les correspondan a todos los presuntos responsables <\/span><\/span><\/span><\/p>\n","protected":false},"excerpt":{"rendered":"<p class=\"excerpt\">El pasado 19 de junio, el Juez Primero de Garant\u00edas Penales de Santa Elena, Oswaldo Zapata, dict\u00f3 prisi\u00f3n preventiva contra Carlos L., uno de los cinco procesados por el presunto delito de contaminaci\u00f3n ambiental en la comuna de Monta\u00f1ita, provincia de Santa Elena. En la audiencia de formulaci\u00f3n de cargos tambi\u00e9n estuvo presente Galo Chiriboga, Fiscal General del Estado. El\u00a0Ministerio&hellip; <a href=\"https:\/\/www.ambienteyenergia.gob.ec\/ambiente\/el-peritaje-del-mae-fue-decisivo-para-comprobar-grado-de-contaminacion-del-estero-chicharron\/\">Read more &rarr;<\/a><\/p>\n","protected":false},"author":13,"featured_media":12651,"comment_status":"open","ping_status":"open","sticky":false,"template":"","format":"standard","meta":{"footnotes":""},"categories":[16,4],"tags":[],"class_list":["post-12650","post","type-post","status-publish","format-standard","has-post-thumbnail","hentry","category-comunicamos","category-noticias","xfolkentry"],"_links":{"self":[{"href":"https:\/\/www.ambienteyenergia.gob.ec\/ambiente\/wp-json\/wp\/v2\/posts\/12650","targetHints":{"allow":["GET"]}}],"collection":[{"href":"https:\/\/www.ambienteyenergia.gob.ec\/ambiente\/wp-json\/wp\/v2\/posts"}],"about":[{"href":"https:\/\/www.ambienteyenergia.gob.ec\/ambiente\/wp-json\/wp\/v2\/types\/post"}],"author":[{"embeddable":true,"href":"https:\/\/www.ambienteyenergia.gob.ec\/ambiente\/wp-json\/wp\/v2\/users\/13"}],"replies":[{"embeddable":true,"href":"https:\/\/www.ambienteyenergia.gob.ec\/ambiente\/wp-json\/wp\/v2\/comments?post=12650"}],"version-history":[{"count":0,"href":"https:\/\/www.ambienteyenergia.gob.ec\/ambiente\/wp-json\/wp\/v2\/posts\/12650\/revisions"}],"wp:featuredmedia":[{"embeddable":true,"href":"https:\/\/www.ambienteyenergia.gob.ec\/ambiente\/wp-json\/wp\/v2\/media\/12651"}],"wp:attachment":[{"href":"https:\/\/www.ambienteyenergia.gob.ec\/ambiente\/wp-json\/wp\/v2\/media?parent=12650"}],"wp:term":[{"taxonomy":"category","embeddable":true,"href":"https:\/\/www.ambienteyenergia.gob.ec\/ambiente\/wp-json\/wp\/v2\/categories?post=12650"},{"taxonomy":"post_tag","embeddable":true,"href":"https:\/\/www.ambienteyenergia.gob.ec\/ambiente\/wp-json\/wp\/v2\/tags?post=12650"}],"curies":[{"name":"wp","href":"https:\/\/api.w.org\/{rel}","templated":true}]}}