{"id":12645,"date":"2013-06-24T09:28:08","date_gmt":"2013-06-24T14:28:08","guid":{"rendered":"http:\/\/www.ambiente.gob.ec\/?p=12645"},"modified":"2013-06-24T09:28:08","modified_gmt":"2013-06-24T14:28:08","slug":"pescadores-de-galapagos-agradecen-asesoria-del-mae","status":"publish","type":"post","link":"https:\/\/www.ambienteyenergia.gob.ec\/ambiente\/pescadores-de-galapagos-agradecen-asesoria-del-mae\/","title":{"rendered":"Pescadores de Gal\u00e1pagos agradecen asesor\u00eda del MAE"},"content":{"rendered":"<p style=\"text-align: justify;\">Katty Sarabia estaba contenta y dej\u00f3 escapar algunas l\u00e1grimas de emoci\u00f3n tras escuchar al Presidente de la Rep\u00fablica, Rafael Correa Delgado, disponer al Secretario General de Transparencia de Gesti\u00f3n, Diego Guzm\u00e1n, que atienda el problema del grupo de pescadores y los cr\u00e9ditos con el Banco Nacional de Fomento.<\/p>\n<p style=\"text-align: justify;\">Tras participar, la tarde anterior, en un taller de trabajo con el Ministerio del Ambiente (MAE),\u00a0 una delegaci\u00f3n de pescadores se entrevist\u00f3 con el Primer Mandatario a quien plantearon su problem\u00e1tica, con el acompa\u00f1amiento de la autoridad ambiental, durante el taller Presidencial desarrollado en Puerto Ayora, isla Santa Cruz.<\/p>\n<p style=\"text-align: justify;\">Sarabia es hija de Carlos Alberto Sarabia, uno de los seis pescadores que en el a\u00f1o 2009 dejaron la actividad pesquera artesanal para vincularse a la pesca vivencial, con cr\u00e9ditos concedidos por el Gobierno, a trav\u00e9s del Banco Nacional de Fomento, para la adquisici\u00f3n de embarcaciones en la modalidad tur\u00edstica.<\/p>\n<p style=\"text-align: justify;\">El pescador Podalirio Herrera dijo que por ese problema a\u00fan no han recibido las embarcaciones y est\u00e1n pagando una mora de m\u00e1s de USD 50 000, sin poder trabajar las lanchas.<\/p>\n<p style=\"text-align: justify;\">Tras ser escuchados por el Primer Mandatario, los pescadores dijeron sentirse satisfechos con la labor del MAE, \u00a0porque los ayudar\u00e1 y asesorar\u00e1 en todo el tr\u00e1mite.<\/p>\n<p style=\"text-align: justify;\">\u201cEstamos contentos por los logros alcanzados gracias a Dios y al Presidente\u201d, manifest\u00f3 Sarabia.<\/p>\n<p style=\"text-align: justify;\">Como primer paso los pescadores y el Banco Nacional de Fomento enviar\u00e1n toda la documentaci\u00f3n del caso a la Secretar\u00eda Nacional de Transparencia de Gesti\u00f3n, que analizar\u00e1 los casos para buscar una soluci\u00f3n que beneficie a todos.<\/p>\n<p>&nbsp;<\/p>\n","protected":false},"excerpt":{"rendered":"<p class=\"excerpt\">Katty Sarabia estaba contenta y dej\u00f3 escapar algunas l\u00e1grimas de emoci\u00f3n tras escuchar al Presidente de la Rep\u00fablica, Rafael Correa Delgado, disponer al Secretario General de Transparencia de Gesti\u00f3n, Diego Guzm\u00e1n, que atienda el problema del grupo de pescadores y los cr\u00e9ditos con el Banco Nacional de Fomento. Tras participar, la tarde anterior, en un taller de trabajo con el&hellip; <a href=\"https:\/\/www.ambienteyenergia.gob.ec\/ambiente\/pescadores-de-galapagos-agradecen-asesoria-del-mae\/\">Read more &rarr;<\/a><\/p>\n","protected":false},"author":13,"featured_media":12646,"comment_status":"open","ping_status":"open","sticky":false,"template":"","format":"standard","meta":{"footnotes":""},"categories":[16,4],"tags":[],"class_list":["post-12645","post","type-post","status-publish","format-standard","has-post-thumbnail","hentry","category-comunicamos","category-noticias","xfolkentry"],"_links":{"self":[{"href":"https:\/\/www.ambienteyenergia.gob.ec\/ambiente\/wp-json\/wp\/v2\/posts\/12645","targetHints":{"allow":["GET"]}}],"collection":[{"href":"https:\/\/www.ambienteyenergia.gob.ec\/ambiente\/wp-json\/wp\/v2\/posts"}],"about":[{"href":"https:\/\/www.ambienteyenergia.gob.ec\/ambiente\/wp-json\/wp\/v2\/types\/post"}],"author":[{"embeddable":true,"href":"https:\/\/www.ambienteyenergia.gob.ec\/ambiente\/wp-json\/wp\/v2\/users\/13"}],"replies":[{"embeddable":true,"href":"https:\/\/www.ambienteyenergia.gob.ec\/ambiente\/wp-json\/wp\/v2\/comments?post=12645"}],"version-history":[{"count":0,"href":"https:\/\/www.ambienteyenergia.gob.ec\/ambiente\/wp-json\/wp\/v2\/posts\/12645\/revisions"}],"wp:featuredmedia":[{"embeddable":true,"href":"https:\/\/www.ambienteyenergia.gob.ec\/ambiente\/wp-json\/wp\/v2\/media\/12646"}],"wp:attachment":[{"href":"https:\/\/www.ambienteyenergia.gob.ec\/ambiente\/wp-json\/wp\/v2\/media?parent=12645"}],"wp:term":[{"taxonomy":"category","embeddable":true,"href":"https:\/\/www.ambienteyenergia.gob.ec\/ambiente\/wp-json\/wp\/v2\/categories?post=12645"},{"taxonomy":"post_tag","embeddable":true,"href":"https:\/\/www.ambienteyenergia.gob.ec\/ambiente\/wp-json\/wp\/v2\/tags?post=12645"}],"curies":[{"name":"wp","href":"https:\/\/api.w.org\/{rel}","templated":true}]}}