{"id":12642,"date":"2013-06-24T08:40:26","date_gmt":"2013-06-24T13:40:26","guid":{"rendered":"http:\/\/www.ambiente.gob.ec\/?p=12642"},"modified":"2013-06-24T08:40:26","modified_gmt":"2013-06-24T13:40:26","slug":"mae-trabaja-para-disminuir-los-contaminantes-de-la-cuenca-del-rio-daule","status":"publish","type":"post","link":"https:\/\/www.ambienteyenergia.gob.ec\/ambiente\/mae-trabaja-para-disminuir-los-contaminantes-de-la-cuenca-del-rio-daule\/","title":{"rendered":"MAE trabaja para disminuir los contaminantes de la cuenca del r\u00edo Daule"},"content":{"rendered":"<p style=\"text-align: justify;\">El Ministerio del Ambiente (MAE) trabaja en importantes acciones interinstitucionales para disminuir la contaminaci\u00f3n del r\u00edo Daule, provocada a causa de las actividades industriales, asentamientos humanos y actividades pesqueras artesanales, entre otras, sobre sus riberas.<\/p>\n<p style=\"text-align: justify;\">Las acciones coordinadas entre el MAE y el Ministerio de Industrias y Productividad (Mipro) han permitido identificar las f\u00e1bricas que se asientan en la cuenca del Daule, alcanzando un n\u00famero de 202.<\/p>\n<p style=\"text-align: justify;\">De ellas, 183 industrias se asientan en la v\u00eda a Daule en Guayaquil, mayormente en el Parque Industrial Imaconsa, en conocimiento de las normativas ambientales vigentes y que deben regularse con la Autoridad Ambiental Acreditada por el MAE, que es el Municipio de Guayaquil.<\/p>\n<p style=\"text-align: justify;\">Hasta 2012, 44 de esas empresas se hab\u00edan regularizado ambientalmente, 93 estaban en proceso y 43 manifestaron desconocer el tr\u00e1mite, pero todas fueron informadas de las acciones que deb\u00edan seguir.<\/p>\n<p style=\"text-align: justify;\">Las nueve empresas restantes tambi\u00e9n tiene conocimiento de que deben regularse con el Gobierno Provincial del Guayas, ente acreditado para el resto de la provincia.<\/p>\n<p style=\"text-align: justify;\">Este proceso continuar\u00e1 con una socializaci\u00f3n de la Regulaci\u00f3n Ambiental vigente, informaci\u00f3n del reconocimiento Punto Verde que pueden alcanzar por cumplir excelentes est\u00e1ndares de ahorro de recursos como el agua, la energ\u00eda, generaci\u00f3n de desechos, etc.; incentivos del Mipro, entre otros, a trav\u00e9s de las C\u00e1maras de Industrias.<\/p>\n<p style=\"text-align: justify;\">Asimismo, el MAE controla las industrial asentadas en la cuenca del r\u00edo Daule en provincias como Los R\u00edos, en donde se identificaron seis \u00a0actividades, siendo tres de ellas de servicio de lubricadoras con alto impacto. El resto de industrias est\u00e1n sobre la cuenca del r\u00edo Babahoyo.<\/p>\n<p style=\"text-align: justify;\">En la provincia de Manab\u00ed, se identificaron dos empresas con influencia \u00a0al r\u00edo; mientras que en Santo Domingo de los Tsachilas se registraron 17 industrias en las tres parroquias que est\u00e1n dentro de la unidad hidrogr\u00e1fica, inclu\u00eddas las granjas porcinas.<\/p>\n<p style=\"text-align: justify;\">El trabajo es arduo en los temas de contaminaci\u00f3n. Por ello, el MAE trabaja en la concienciaci\u00f3n ciudadana desde todos los \u00e1mbitos, pero se requiere mayor colaboraci\u00f3n de la comunidad para disminuirla, tomando en cuenta que estamos afectando los afluentes, la tierra, el planeta en general.<\/p>\n<p style=\"text-align: justify;\">Enfatizando el trabajo proteccionista, el MAE se suma a la iniciativa Red Daule que busca intercambiar informaci\u00f3n para la conservaci\u00f3n de la cuenca del R\u00edo Daule, siendo este el primer emprendimiento para trabajar entre el sector p\u00fablico y el sector privado.<\/p>\n<p style=\"text-align: justify;\">Entre los actores de la Red Daule constan el Gobierno Provincial de Guayas, Municipio de Guayaquil, Interagua, Escuela Superior Polit\u00e9cnica del Litoral (ESPOL), WaterKeeper, TheNatureConservancy, Cervecer\u00eda Nacional, Consejo Empresarial para el Desarrollo Sostenible del Ecuador (Cemdes) y C\u00e1mara de Industrias de Guayaquil.<\/p>\n","protected":false},"excerpt":{"rendered":"<p class=\"excerpt\">El Ministerio del Ambiente (MAE) trabaja en importantes acciones interinstitucionales para disminuir la contaminaci\u00f3n del r\u00edo Daule, provocada a causa de las actividades industriales, asentamientos humanos y actividades pesqueras artesanales, entre otras, sobre sus riberas. Las acciones coordinadas entre el MAE y el Ministerio de Industrias y Productividad (Mipro) han permitido identificar las f\u00e1bricas que se asientan en la cuenca&hellip; <a href=\"https:\/\/www.ambienteyenergia.gob.ec\/ambiente\/mae-trabaja-para-disminuir-los-contaminantes-de-la-cuenca-del-rio-daule\/\">Read more &rarr;<\/a><\/p>\n","protected":false},"author":13,"featured_media":12643,"comment_status":"open","ping_status":"open","sticky":false,"template":"","format":"standard","meta":{"footnotes":""},"categories":[16,4],"tags":[],"class_list":["post-12642","post","type-post","status-publish","format-standard","has-post-thumbnail","hentry","category-comunicamos","category-noticias","xfolkentry"],"_links":{"self":[{"href":"https:\/\/www.ambienteyenergia.gob.ec\/ambiente\/wp-json\/wp\/v2\/posts\/12642","targetHints":{"allow":["GET"]}}],"collection":[{"href":"https:\/\/www.ambienteyenergia.gob.ec\/ambiente\/wp-json\/wp\/v2\/posts"}],"about":[{"href":"https:\/\/www.ambienteyenergia.gob.ec\/ambiente\/wp-json\/wp\/v2\/types\/post"}],"author":[{"embeddable":true,"href":"https:\/\/www.ambienteyenergia.gob.ec\/ambiente\/wp-json\/wp\/v2\/users\/13"}],"replies":[{"embeddable":true,"href":"https:\/\/www.ambienteyenergia.gob.ec\/ambiente\/wp-json\/wp\/v2\/comments?post=12642"}],"version-history":[{"count":0,"href":"https:\/\/www.ambienteyenergia.gob.ec\/ambiente\/wp-json\/wp\/v2\/posts\/12642\/revisions"}],"wp:featuredmedia":[{"embeddable":true,"href":"https:\/\/www.ambienteyenergia.gob.ec\/ambiente\/wp-json\/wp\/v2\/media\/12643"}],"wp:attachment":[{"href":"https:\/\/www.ambienteyenergia.gob.ec\/ambiente\/wp-json\/wp\/v2\/media?parent=12642"}],"wp:term":[{"taxonomy":"category","embeddable":true,"href":"https:\/\/www.ambienteyenergia.gob.ec\/ambiente\/wp-json\/wp\/v2\/categories?post=12642"},{"taxonomy":"post_tag","embeddable":true,"href":"https:\/\/www.ambienteyenergia.gob.ec\/ambiente\/wp-json\/wp\/v2\/tags?post=12642"}],"curies":[{"name":"wp","href":"https:\/\/api.w.org\/{rel}","templated":true}]}}