{"id":12639,"date":"2013-06-21T18:40:10","date_gmt":"2013-06-21T23:40:10","guid":{"rendered":"http:\/\/www.ambiente.gob.ec\/?p=12639"},"modified":"2013-06-21T18:40:10","modified_gmt":"2013-06-21T23:40:10","slug":"mae-suscribe-convenios-de-reforestacion-con-parroquiales-rurales","status":"publish","type":"post","link":"https:\/\/www.ambienteyenergia.gob.ec\/ambiente\/mae-suscribe-convenios-de-reforestacion-con-parroquiales-rurales\/","title":{"rendered":"MAE suscribe convenios de reforestaci\u00f3n con parroquiales rurales"},"content":{"rendered":"<p style=\"text-align: justify;\">En el marco del III Congreso Nacional Ambiental que se desarroll\u00f3 del 20 al 21 de junio en Puerto Cayo, provincia de Manab\u00ed, el Ministerio del Ambiente (MAE), a trav\u00e9s de la Subsecretaria de Patrimonio, suscribi\u00f3 hoy un convenio con el Consejo Nacional de Gobiernos Parroquiales Rurales del Ecuador\u00a0 (Conagopare) y el Banco de Desarrollo (BDE), con el fin de promover la reforestaci\u00f3n de 100 mil hect\u00e1reas de bosques hasta el 2017.<\/p>\n<p style=\"text-align: justify;\">Durante el acto,\u00a0 el Subsecretario de Patrimonio del MAE (e), Christian Ter\u00e1n,\u00a0 ratific\u00f3 el compromiso de transformaci\u00f3n ambiental del Gobierno como parte de las pol\u00edticas del Buen Vivir, mismas que buscan\u00a0 mejorar las condiciones ambientales en toda la patria.<\/p>\n<p style=\"text-align: justify;\">Esta iniciativa participativa permitir\u00e1 que los 820 Gobiernos Aut\u00f3nomos Descentralizados (GADs) parroquias se integren a las actividades de reforestaci\u00f3n que impulsa esta cartera de Estado como parte de la implementaci\u00f3n del Modelo de Gobernanza Forestal.<\/p>\n<p style=\"text-align: justify;\">El Programa de\u00a0 reforestaci\u00f3n del MAE constituye una actividad\u00a0 estrat\u00e9gica en las pol\u00edticas ambientales,\u00a0 pues permite recuperar los ecosistemas vivos y los beneficios\u00a0 que brindan estos espacios verdes.<\/p>\n<p style=\"text-align: justify;\">Durante la cita se debatieron temas como el turismo ecol\u00f3gico, planes de ordenamiento territorial, derechos mineros, cambio clim\u00e1tico, fomento productivo rural, entre otros.<\/p>\n<p style=\"text-align: justify;\">Carlos Chil\u00e1n, Presidente del Conagopare, destac\u00f3 la importancia del cuidado de la naturaleza y la iniciativa del MAE en la aplicaci\u00f3n de actividades como la reforestaci\u00f3n que permiten a la poblaci\u00f3n rural mejorar sus condiciones ambientales.<\/p>\n<p style=\"text-align: justify;\">\n<p>&nbsp;<\/p>\n<p>&nbsp;<\/p>\n<p>&nbsp;<\/p>\n","protected":false},"excerpt":{"rendered":"<p class=\"excerpt\">En el marco del III Congreso Nacional Ambiental que se desarroll\u00f3 del 20 al 21 de junio en Puerto Cayo, provincia de Manab\u00ed, el Ministerio del Ambiente (MAE), a trav\u00e9s de la Subsecretaria de Patrimonio, suscribi\u00f3 hoy un convenio con el Consejo Nacional de Gobiernos Parroquiales Rurales del Ecuador\u00a0 (Conagopare) y el Banco de Desarrollo (BDE), con el fin de&hellip; <a href=\"https:\/\/www.ambienteyenergia.gob.ec\/ambiente\/mae-suscribe-convenios-de-reforestacion-con-parroquiales-rurales\/\">Read more &rarr;<\/a><\/p>\n","protected":false},"author":13,"featured_media":12640,"comment_status":"open","ping_status":"open","sticky":false,"template":"","format":"standard","meta":{"footnotes":""},"categories":[16,4],"tags":[],"class_list":["post-12639","post","type-post","status-publish","format-standard","has-post-thumbnail","hentry","category-comunicamos","category-noticias","xfolkentry"],"_links":{"self":[{"href":"https:\/\/www.ambienteyenergia.gob.ec\/ambiente\/wp-json\/wp\/v2\/posts\/12639","targetHints":{"allow":["GET"]}}],"collection":[{"href":"https:\/\/www.ambienteyenergia.gob.ec\/ambiente\/wp-json\/wp\/v2\/posts"}],"about":[{"href":"https:\/\/www.ambienteyenergia.gob.ec\/ambiente\/wp-json\/wp\/v2\/types\/post"}],"author":[{"embeddable":true,"href":"https:\/\/www.ambienteyenergia.gob.ec\/ambiente\/wp-json\/wp\/v2\/users\/13"}],"replies":[{"embeddable":true,"href":"https:\/\/www.ambienteyenergia.gob.ec\/ambiente\/wp-json\/wp\/v2\/comments?post=12639"}],"version-history":[{"count":0,"href":"https:\/\/www.ambienteyenergia.gob.ec\/ambiente\/wp-json\/wp\/v2\/posts\/12639\/revisions"}],"wp:featuredmedia":[{"embeddable":true,"href":"https:\/\/www.ambienteyenergia.gob.ec\/ambiente\/wp-json\/wp\/v2\/media\/12640"}],"wp:attachment":[{"href":"https:\/\/www.ambienteyenergia.gob.ec\/ambiente\/wp-json\/wp\/v2\/media?parent=12639"}],"wp:term":[{"taxonomy":"category","embeddable":true,"href":"https:\/\/www.ambienteyenergia.gob.ec\/ambiente\/wp-json\/wp\/v2\/categories?post=12639"},{"taxonomy":"post_tag","embeddable":true,"href":"https:\/\/www.ambienteyenergia.gob.ec\/ambiente\/wp-json\/wp\/v2\/tags?post=12639"}],"curies":[{"name":"wp","href":"https:\/\/api.w.org\/{rel}","templated":true}]}}