{"id":12632,"date":"2013-06-21T16:28:14","date_gmt":"2013-06-21T21:28:14","guid":{"rendered":"http:\/\/www.ambiente.gob.ec\/?p=12632"},"modified":"2013-06-21T16:28:14","modified_gmt":"2013-06-21T21:28:14","slug":"loro-cabeciazul-es-rescatado-en-orellana","status":"publish","type":"post","link":"https:\/\/www.ambienteyenergia.gob.ec\/ambiente\/loro-cabeciazul-es-rescatado-en-orellana\/","title":{"rendered":"Loro cabeciazul es rescatado en Orellana"},"content":{"rendered":"<p style=\"text-align: justify;\" align=\"JUSTIFY\"><span style=\"font-family: Times New Roman,serif;\"><span style=\"font-size: medium;\">El Ministerio del Ambiente (MAE), ayer en uno de sus operativos rutinarios de control de tr\u00e1fico y tenencia de vida silvestre, rescat\u00f3 a un loro cabeciazul (<\/span><\/span><span style=\"font-family: Times New Roman,serif;\"><span style=\"font-size: medium;\"><em>Pionus menstruus<\/em><\/span><\/span><span style=\"font-family: Times New Roman,serif;\"><span style=\"font-size: medium;\">), en la ciudad del Coca, provincia de Orellana. <\/span><\/span><\/p>\n<p style=\"text-align: justify;\" align=\"JUSTIFY\"><span style=\"font-family: Times New Roman,serif;\"><span style=\"font-size: medium;\">Tras una denuncia telef\u00f3nica, t\u00e9cnicos del \u00c1rea de Vida Silvestre del MAE y miembros de la Unidad de Protecci\u00f3n del Medio Ambiente de la Polic\u00eda Nacional (UPMA), procedieron a realizar el decomiso del esp\u00e9cimen que se encontraba en el hotel \u201cCoca\u201d.<\/span><\/span><\/p>\n<p style=\"text-align: justify;\" align=\"JUSTIFY\"><span style=\"font-family: Times New Roman,serif;\"><span style=\"font-size: medium;\">Luego de exponer a la propietaria los motivos por los que no se puede tener fauna silvestre como mascotas, la due\u00f1a del hotel entreg\u00f3 al animal.<\/span><\/span><\/p>\n<p style=\"text-align: justify;\" align=\"JUSTIFY\"><span style=\"font-family: Times New Roman,serif;\"><span style=\"font-size: medium;\">El loro fue ubicado en el Zool\u00f3gico Coca-Zoo, en el cual se le realizar\u00e1 una revisi\u00f3n m\u00e9dica completa, en la que se determinar\u00e1 su estado de salud. Posterior a esto, se analizar\u00e1 si es conveniente devolverlo a su h\u00e1bitat. Cabe se\u00f1alar, que el ave fue encontrada con las alas gu\u00edas y plumas de la cola cortadas, por lo que se le dificulta volar.<\/span><\/span><\/p>\n<p style=\"text-align: justify;\" align=\"JUSTIFY\"><span style=\"font-family: Times New Roman,serif;\"><span style=\"font-size: medium;\">El loro Cabeciazul es una especie que puede medir entre 27 y 29 cm, y se lo puede identificar por el color azul en toda su cabeza. Com\u00fanmente, se lo encuentra en bandadas o posando en \u00e1rboles semidescubiertos. Su alimentaci\u00f3n se basa principalmente en frutos, semillas y flores. <\/span><\/span><\/p>\n<p style=\"text-align: justify;\" align=\"JUSTIFY\"><span style=\"font-family: Times New Roman,serif;\"><span style=\"font-size: medium;\">En nuestro pa\u00eds se distribuye principalmente en la Amazon\u00eda, aunque tambi\u00e9n puede estar en la Costa norte y centro.<\/span><\/span><\/p>\n<p style=\"text-align: justify;\" align=\"JUSTIFY\"><span style=\"font-family: Times New Roman,serif;\"><span style=\"font-size: medium;\"><strong>El dato<\/strong><\/span><\/span><\/p>\n<p style=\"text-align: justify;\" align=\"JUSTIFY\"><span style=\"font-family: Times New Roman,serif;\"><span style=\"font-size: medium;\">Esta especie en el Ecuador es traficada para tenerla como mascota. Seg\u00fan la Uni\u00f3n Internacional para la conservaci\u00f3n de la Naturaleza (IUCN por sus siglas en ingl\u00e9s), se encuentra catalogada como una especie en Preocupaci\u00f3n Menor (LC). Asimismo, est\u00e1 categorizada en el Ap\u00e9ndice II de la <\/span><\/span><span style=\"font-family: Times New Roman,serif;\"><span style=\"font-size: medium;\">Convenci\u00f3n sobre el Comercio Internacional de Especies Amenazadas de Fauna y Flora Silvestres<\/span><\/span><span style=\"font-family: Times New Roman,serif;\"><span style=\"font-size: medium;\">\u00a0(<\/span><\/span><span style=\"font-family: Times New Roman,serif;\"><span style=\"font-size: medium;\"><strong>CITES).<\/strong><\/span><\/span><\/p>\n","protected":false},"excerpt":{"rendered":"<p class=\"excerpt\">El Ministerio del Ambiente (MAE), ayer en uno de sus operativos rutinarios de control de tr\u00e1fico y tenencia de vida silvestre, rescat\u00f3 a un loro cabeciazul (Pionus menstruus), en la ciudad del Coca, provincia de Orellana. Tras una denuncia telef\u00f3nica, t\u00e9cnicos del \u00c1rea de Vida Silvestre del MAE y miembros de la Unidad de Protecci\u00f3n del Medio Ambiente de la&hellip; <a href=\"https:\/\/www.ambienteyenergia.gob.ec\/ambiente\/loro-cabeciazul-es-rescatado-en-orellana\/\">Read more &rarr;<\/a><\/p>\n","protected":false},"author":13,"featured_media":12633,"comment_status":"open","ping_status":"open","sticky":false,"template":"","format":"standard","meta":{"footnotes":""},"categories":[16,4],"tags":[],"class_list":["post-12632","post","type-post","status-publish","format-standard","has-post-thumbnail","hentry","category-comunicamos","category-noticias","xfolkentry"],"_links":{"self":[{"href":"https:\/\/www.ambienteyenergia.gob.ec\/ambiente\/wp-json\/wp\/v2\/posts\/12632","targetHints":{"allow":["GET"]}}],"collection":[{"href":"https:\/\/www.ambienteyenergia.gob.ec\/ambiente\/wp-json\/wp\/v2\/posts"}],"about":[{"href":"https:\/\/www.ambienteyenergia.gob.ec\/ambiente\/wp-json\/wp\/v2\/types\/post"}],"author":[{"embeddable":true,"href":"https:\/\/www.ambienteyenergia.gob.ec\/ambiente\/wp-json\/wp\/v2\/users\/13"}],"replies":[{"embeddable":true,"href":"https:\/\/www.ambienteyenergia.gob.ec\/ambiente\/wp-json\/wp\/v2\/comments?post=12632"}],"version-history":[{"count":0,"href":"https:\/\/www.ambienteyenergia.gob.ec\/ambiente\/wp-json\/wp\/v2\/posts\/12632\/revisions"}],"wp:featuredmedia":[{"embeddable":true,"href":"https:\/\/www.ambienteyenergia.gob.ec\/ambiente\/wp-json\/wp\/v2\/media\/12633"}],"wp:attachment":[{"href":"https:\/\/www.ambienteyenergia.gob.ec\/ambiente\/wp-json\/wp\/v2\/media?parent=12632"}],"wp:term":[{"taxonomy":"category","embeddable":true,"href":"https:\/\/www.ambienteyenergia.gob.ec\/ambiente\/wp-json\/wp\/v2\/categories?post=12632"},{"taxonomy":"post_tag","embeddable":true,"href":"https:\/\/www.ambienteyenergia.gob.ec\/ambiente\/wp-json\/wp\/v2\/tags?post=12632"}],"curies":[{"name":"wp","href":"https:\/\/api.w.org\/{rel}","templated":true}]}}