{"id":12627,"date":"2013-06-21T14:39:26","date_gmt":"2013-06-21T19:39:26","guid":{"rendered":"http:\/\/www.ambiente.gob.ec\/?p=12627"},"modified":"2013-06-21T14:39:26","modified_gmt":"2013-06-21T19:39:26","slug":"conformacion-mesa-de-trabajo-redd","status":"publish","type":"post","link":"https:\/\/www.ambienteyenergia.gob.ec\/ambiente\/conformacion-mesa-de-trabajo-redd\/","title":{"rendered":"Conformaci\u00f3n Mesa de Trabajo REDD+"},"content":{"rendered":"<p style=\"text-align: justify;\">El pasado jueves 06 de junio de 2013 se llev\u00f3 a cabo la primera reuni\u00f3n de la Mesa de Trabajo REDD+, en la cual participaron representantes del sector acad\u00e9mico, sector privado, Organizaciones No Gubernamentales nacionales, grupos de mujeres y organizaciones campesinas e ind\u00edgenas como miembros de la plataforma oficial de participaci\u00f3n y di\u00e1logo para los procesos relacionados con el mecanismo REDD+ en el Ecuador. Esta reuni\u00f3n fue presidida por la Subsecretar\u00eda de Cambio Clim\u00e1tico con la facilitaci\u00f3n de la Direcci\u00f3n Nacional de Mitigaci\u00f3n de Cambio Clim\u00e1tico y el Programa Nacional Conjunto ONUREDD Ecuador, adem\u00e1s de la participaci\u00f3n de una representante de la FAO como veedora de la reuni\u00f3n en representaci\u00f3n del Sistema de Naciones Unidas.<\/p>\n<p style=\"text-align: justify;\">Durante esta primera reuni\u00f3n, lo miembros de la Mesa de Trabajo conocieron a detalle el proceso liderado por el Ministerio del Ambiente para la conformaci\u00f3n de la Mesa de Trabajo. De la misma manera, se discuti\u00f3 un borrador de Reglamento de Funcionamiento, que permitir\u00e1 una efectiva gesti\u00f3n de la mesa, el cual ser\u00e1 ajustado y retroalimentado para guiar la gesti\u00f3n de dicha plataforma durante el pr\u00f3ximo a\u00f1o calendario.<\/p>\n<p style=\"text-align: justify;\">Finalmente, se revis\u00f3 una priorizaci\u00f3n preliminar de los temas a tratar por la Mesa de Trabajo para retroalimentar los procesos en marcha en el Ministerio del Ambiente con miras a la implementaci\u00f3n del mecanismo REDD+ a nivel nacional. As\u00ed, los miembros de la Mesa de Trabajo REDD+ acordaron tener su primera reuni\u00f3n extra oficial el d\u00eda mi\u00e9rcoles 10 de julio de 2013, en donde se discutir\u00e1n temas como el estado actual del Programa Nacional REDD+, el Acuerdo Ministerial 033 sobre el marco regulatorio del mecanismo REDD+ en el Ecuador, entre otros.<\/p>\n","protected":false},"excerpt":{"rendered":"<p class=\"excerpt\">El pasado jueves 06 de junio de 2013 se llev\u00f3 a cabo la primera reuni\u00f3n de la Mesa de Trabajo REDD+, en la cual participaron representantes del sector acad\u00e9mico, sector privado, Organizaciones No Gubernamentales nacionales, grupos de mujeres y organizaciones campesinas e ind\u00edgenas como miembros de la plataforma oficial de participaci\u00f3n y di\u00e1logo para los procesos relacionados con el mecanismo&hellip; <a href=\"https:\/\/www.ambienteyenergia.gob.ec\/ambiente\/conformacion-mesa-de-trabajo-redd\/\">Read more &rarr;<\/a><\/p>\n","protected":false},"author":13,"featured_media":12628,"comment_status":"open","ping_status":"open","sticky":false,"template":"","format":"standard","meta":{"footnotes":""},"categories":[16,4],"tags":[],"class_list":["post-12627","post","type-post","status-publish","format-standard","has-post-thumbnail","hentry","category-comunicamos","category-noticias","xfolkentry"],"_links":{"self":[{"href":"https:\/\/www.ambienteyenergia.gob.ec\/ambiente\/wp-json\/wp\/v2\/posts\/12627","targetHints":{"allow":["GET"]}}],"collection":[{"href":"https:\/\/www.ambienteyenergia.gob.ec\/ambiente\/wp-json\/wp\/v2\/posts"}],"about":[{"href":"https:\/\/www.ambienteyenergia.gob.ec\/ambiente\/wp-json\/wp\/v2\/types\/post"}],"author":[{"embeddable":true,"href":"https:\/\/www.ambienteyenergia.gob.ec\/ambiente\/wp-json\/wp\/v2\/users\/13"}],"replies":[{"embeddable":true,"href":"https:\/\/www.ambienteyenergia.gob.ec\/ambiente\/wp-json\/wp\/v2\/comments?post=12627"}],"version-history":[{"count":0,"href":"https:\/\/www.ambienteyenergia.gob.ec\/ambiente\/wp-json\/wp\/v2\/posts\/12627\/revisions"}],"wp:featuredmedia":[{"embeddable":true,"href":"https:\/\/www.ambienteyenergia.gob.ec\/ambiente\/wp-json\/wp\/v2\/media\/12628"}],"wp:attachment":[{"href":"https:\/\/www.ambienteyenergia.gob.ec\/ambiente\/wp-json\/wp\/v2\/media?parent=12627"}],"wp:term":[{"taxonomy":"category","embeddable":true,"href":"https:\/\/www.ambienteyenergia.gob.ec\/ambiente\/wp-json\/wp\/v2\/categories?post=12627"},{"taxonomy":"post_tag","embeddable":true,"href":"https:\/\/www.ambienteyenergia.gob.ec\/ambiente\/wp-json\/wp\/v2\/tags?post=12627"}],"curies":[{"name":"wp","href":"https:\/\/api.w.org\/{rel}","templated":true}]}}