{"id":12618,"date":"2013-06-21T08:01:36","date_gmt":"2013-06-21T13:01:36","guid":{"rendered":"http:\/\/www.ambiente.gob.ec\/?p=12618"},"modified":"2013-06-21T15:42:08","modified_gmt":"2013-06-21T20:42:08","slug":"oso-perezoso-sera-reinsertado-en-su-habitat","status":"publish","type":"post","link":"https:\/\/www.ambienteyenergia.gob.ec\/ambiente\/oso-perezoso-sera-reinsertado-en-su-habitat\/","title":{"rendered":"Oso perezoso ser\u00e1 reinsertado en su h\u00e1bitat"},"content":{"rendered":"<p style=\"text-align: justify;\">Hace tres semanas dos cazadores ingresaron al Bosque Cerro Blanco, administrado por la Fundaci\u00f3n Pro Bosque ubicado en Guayaquil, matando un oso perezoso e hiriendo gravemente a otro con machetazos en su cabeza y aparentes perdigones en sus extremidades inferiores.<\/p>\n<p style=\"text-align: justify;\">Los cazadores habr\u00edan ingresado a la reserva escondi\u00e9ndose de los guardabosques, pero a su retirada, mientras arrastraban a las dos especies fueron detectados y se dieron a la fuga dejando a los animalitos en el camino.<\/p>\n<p style=\"text-align: justify;\">\u00a0\u201cLos machetazos eran tan profundos que se le ve\u00eda el cr\u00e1neo, por eso todo el mundo dec\u00eda que no sobrevivir\u00eda, pero me ofrec\u00ed a cuidarlo para su recuperaci\u00f3n\u201d, exalt\u00f3 Bel\u00e9n Castillo Casta\u00f1eda, voluntaria del Bosque Cerro Blanco, quien se encarga de la rehabilitaci\u00f3n de un oso perezoso que casi muere en manos de cazadores.<\/p>\n<p style=\"text-align: justify;\">Para Bel\u00e9n, egresada de Biolog\u00eda, el oso perezoso es un \u201cluchador\u201d y lo ha demostrado durante estas tres semanas de recuperaci\u00f3n de una abertura que surcaba su cabeza de oreja a oreja, en las que se ha enfrentado a una grave infecci\u00f3n y la apertura de las suturas.<\/p>\n<p style=\"text-align: justify;\">Adem\u00e1s, afronta un proceso de cicatrizaci\u00f3n demorado ya que su piel tiene algo m\u00e1s de un cent\u00edmetro de espesor. Pese a todo, la joven Bi\u00f3loga considera que el oso se ha recuperado satisfactoriamente, por ello espera reinsertarlo en su h\u00e1bitat en un m\u00e1ximo de dos semanas.<\/p>\n<p style=\"text-align: justify;\">Mientras ella revisaba las heridas de Daktary -nombre que le puso a la especie- reconoce que cada d\u00eda es m\u00e1s complicado cuidarlo, porque es una especie silvestre que busca defenderse (morder o ara\u00f1ar) y muy fuerte, pese a que est\u00e1 sedado. Esa acci\u00f3n la hace reflexionar en que por eso, no es recomendado tener especies silvestres en una casa.<\/p>\n<p style=\"text-align: justify;\">Sobre el cuidado de la fauna silvestre, el Director Provincial del Ambiente de Guayas, Pablo Segale, pide a la ciudadan\u00eda tomar conciencia sobre la importancia de cada una de las especies en el ecosistema, las que cada vez son menos debido a la depredaci\u00f3n de ellas y su h\u00e1bitat, los bosques.<\/p>\n<p style=\"text-align: justify;\">Segale comenta que cada especie tiene un aporte en la naturaleza, en el caso del oso perezoso est\u00e1n los nutrientes que ofrecen su orina y heces a los suelos, que aportan al crecimiento y reproducci\u00f3n de \u00e1rboles.<\/p>\n<p style=\"text-align: justify;\">Castillo asegura que su objetivo es seguir con el monitoreo del oso dentro de Cerro Blanco, su h\u00e1bitat original, tendi\u00e9ndolo en el d\u00eda sobre un \u00e1rbol cercano a su lugar de trabajo y en la noche, dentro de una jaula.<\/p>\n<p style=\"text-align: justify;\">El oso perezoso Daktary, ha permanecido en el patio de la casa de la voluntaria, entre las plantas y los troncos, aliment\u00e1ndose de flores, hojas y tierra, pero tambi\u00e9n recibiendo la medicaci\u00f3n y cuidado necesarios.<\/p>\n<p style=\"text-align: justify;\"><strong>Denuncias<\/strong><\/p>\n<p style=\"text-align: justify;\">El Director Provincial de Ambiente de Guayas insta a la comunidad a alertar sobre estos casos de tenencia, tr\u00e1fico o muerte de especies silvestres, que es sancionado por la Constituci\u00f3n y la Ley Ambiental vigente, llamando a la Direcci\u00f3n Provincial del Guayas, calle Pichincha y 9 de octubre, piso 9, a los tel\u00e9fonos 2320383 \u2013 2320658; en la p\u00e1gina web www.ambienteyenergia.gob.ec\/ambiente MAE Transparente o ingresando directamente al link http:\/\/soportesuia.ambiente.gob.ec\/otrs\/customer.pl<\/p>\n<p style=\"text-align: justify;\"><a href=\"http:\/\/www.ambienteyenergia.gob.ec\/ambiente\/wp-content\/uploads\/2013\/06\/oso-perezoso-2.jpg\"><img loading=\"lazy\" decoding=\"async\" class=\"aligncenter size-full wp-image-12619\" title=\"oso-perezoso\" src=\"http:\/\/www.ambienteyenergia.gob.ec\/ambiente\/wp-content\/uploads\/2013\/06\/oso-perezoso-2.jpg\" alt=\"\" width=\"650\" height=\"434\" srcset=\"https:\/\/www.ambienteyenergia.gob.ec\/ambiente\/wp-content\/uploads\/sites\/2\/2013\/06\/oso-perezoso-2.jpg 650w, https:\/\/www.ambienteyenergia.gob.ec\/ambiente\/wp-content\/uploads\/sites\/2\/2013\/06\/oso-perezoso-2-300x200.jpg 300w, https:\/\/www.ambienteyenergia.gob.ec\/ambiente\/wp-content\/uploads\/sites\/2\/2013\/06\/oso-perezoso-2-449x300.jpg 449w\" sizes=\"auto, (max-width: 650px) 100vw, 650px\" \/><\/a><a href=\"http:\/\/www.ambienteyenergia.gob.ec\/ambiente\/wp-content\/uploads\/2013\/06\/Oso-y-Bel+\u00aen-1.jpg\"><img loading=\"lazy\" decoding=\"async\" class=\"aligncenter size-full wp-image-12621\" title=\"Oso-perezoso\" src=\"http:\/\/www.ambienteyenergia.gob.ec\/ambiente\/wp-content\/uploads\/2013\/06\/Oso-y-Bel+\u00aen-1.jpg\" alt=\"\" width=\"572\" height=\"858\" srcset=\"https:\/\/www.ambienteyenergia.gob.ec\/ambiente\/wp-content\/uploads\/sites\/2\/2013\/06\/Oso-y-Bel+\u00aen-1.jpg 572w, https:\/\/www.ambienteyenergia.gob.ec\/ambiente\/wp-content\/uploads\/sites\/2\/2013\/06\/Oso-y-Bel+\u00aen-1-200x300.jpg 200w\" sizes=\"auto, (max-width: 572px) 100vw, 572px\" \/><\/a><\/p>\n","protected":false},"excerpt":{"rendered":"<p class=\"excerpt\">Hace tres semanas dos cazadores ingresaron al Bosque Cerro Blanco, administrado por la Fundaci\u00f3n Pro Bosque ubicado en Guayaquil, matando un oso perezoso e hiriendo gravemente a otro con machetazos en su cabeza y aparentes perdigones en sus extremidades inferiores. Los cazadores habr\u00edan ingresado a la reserva escondi\u00e9ndose de los guardabosques, pero a su retirada, mientras arrastraban a las dos&hellip; <a href=\"https:\/\/www.ambienteyenergia.gob.ec\/ambiente\/oso-perezoso-sera-reinsertado-en-su-habitat\/\">Read more &rarr;<\/a><\/p>\n","protected":false},"author":13,"featured_media":12620,"comment_status":"open","ping_status":"open","sticky":false,"template":"","format":"standard","meta":{"footnotes":""},"categories":[16,4],"tags":[],"class_list":["post-12618","post","type-post","status-publish","format-standard","has-post-thumbnail","hentry","category-comunicamos","category-noticias","xfolkentry"],"_links":{"self":[{"href":"https:\/\/www.ambienteyenergia.gob.ec\/ambiente\/wp-json\/wp\/v2\/posts\/12618","targetHints":{"allow":["GET"]}}],"collection":[{"href":"https:\/\/www.ambienteyenergia.gob.ec\/ambiente\/wp-json\/wp\/v2\/posts"}],"about":[{"href":"https:\/\/www.ambienteyenergia.gob.ec\/ambiente\/wp-json\/wp\/v2\/types\/post"}],"author":[{"embeddable":true,"href":"https:\/\/www.ambienteyenergia.gob.ec\/ambiente\/wp-json\/wp\/v2\/users\/13"}],"replies":[{"embeddable":true,"href":"https:\/\/www.ambienteyenergia.gob.ec\/ambiente\/wp-json\/wp\/v2\/comments?post=12618"}],"version-history":[{"count":0,"href":"https:\/\/www.ambienteyenergia.gob.ec\/ambiente\/wp-json\/wp\/v2\/posts\/12618\/revisions"}],"wp:featuredmedia":[{"embeddable":true,"href":"https:\/\/www.ambienteyenergia.gob.ec\/ambiente\/wp-json\/wp\/v2\/media\/12620"}],"wp:attachment":[{"href":"https:\/\/www.ambienteyenergia.gob.ec\/ambiente\/wp-json\/wp\/v2\/media?parent=12618"}],"wp:term":[{"taxonomy":"category","embeddable":true,"href":"https:\/\/www.ambienteyenergia.gob.ec\/ambiente\/wp-json\/wp\/v2\/categories?post=12618"},{"taxonomy":"post_tag","embeddable":true,"href":"https:\/\/www.ambienteyenergia.gob.ec\/ambiente\/wp-json\/wp\/v2\/tags?post=12618"}],"curies":[{"name":"wp","href":"https:\/\/api.w.org\/{rel}","templated":true}]}}