{"id":12614,"date":"2013-06-19T20:30:15","date_gmt":"2013-06-20T01:30:15","guid":{"rendered":"http:\/\/www.ambiente.gob.ec\/?p=12614"},"modified":"2013-06-20T21:30:38","modified_gmt":"2013-06-21T02:30:38","slug":"el-presidente-correa-realizo-un-recorrido-por-el-estero-salado-guayaquil","status":"publish","type":"post","link":"https:\/\/www.ambienteyenergia.gob.ec\/ambiente\/el-presidente-correa-realizo-un-recorrido-por-el-estero-salado-guayaquil\/","title":{"rendered":"El Presidente Correa realiz\u00f3 un recorrido por el Estero Salado (Guayaquil)"},"content":{"rendered":"<p style=\"text-align: justify;\">En el marco de la ejecuci\u00f3n de las actividades del Proyecto Guayaquil Ecol\u00f3gico\u00a0 &#8211; Componente Estero Salado, el d\u00eda de ayer (mi\u00e9rcoles 19 de Junio) el\u00a0 Presidente de la Rep\u00fablica del Ecuador, Rafael Correa Delgado, visit\u00f3 el Estero Salado.<\/p>\n<p style=\"text-align: justify;\">El Primer mandatario realiz\u00f3 un recorrido por agua alrededor de la Isla Trinitaria,\u00a0 a trav\u00e9s de los Esteros del Muerto, Mogoll\u00f3n y Santa Ana. Adem\u00e1s, hizo una breve inspecci\u00f3n de la estaci\u00f3n de superoxigenaci\u00f3n ubicada en el Estero las Ranas en el sector de Cristo del Consuelo.<\/p>\n<p style=\"text-align: justify;\">Durante su visita el Primer Mandatario constat\u00f3 los avances alcanzados por el MAE, mediante las estrategias de recuperaci\u00f3n integral de la calidad de agua, reconformaci\u00f3n de riberas, gesti\u00f3n de los desechos s\u00f3lidos y concientizaci\u00f3n ambiental puerta a puerta.<\/p>\n<p style=\"text-align: justify;\">Finalmente, el presidente manifest\u00f3 su complacencia con el desarrollo de las actividades que el MAE viene ejecutando a favor de la recuperaci\u00f3n del Estero Salado. Asimismo, reiter\u00f3 su confianza en que el proyecto dar\u00e1 resultados importantes con respecto a la recuperaci\u00f3n ecol\u00f3gica de este brazo de mar, pulm\u00f3n de la ciudad de Guayaquil, meta a alcanzar hasta el a\u00f1o 2017.<\/p>\n<p style=\"text-align: justify;\">\n","protected":false},"excerpt":{"rendered":"<p class=\"excerpt\">En el marco de la ejecuci\u00f3n de las actividades del Proyecto Guayaquil Ecol\u00f3gico\u00a0 &#8211; Componente Estero Salado, el d\u00eda de ayer (mi\u00e9rcoles 19 de Junio) el\u00a0 Presidente de la Rep\u00fablica del Ecuador, Rafael Correa Delgado, visit\u00f3 el Estero Salado. El Primer mandatario realiz\u00f3 un recorrido por agua alrededor de la Isla Trinitaria,\u00a0 a trav\u00e9s de los Esteros del Muerto, Mogoll\u00f3n&hellip; <a href=\"https:\/\/www.ambienteyenergia.gob.ec\/ambiente\/el-presidente-correa-realizo-un-recorrido-por-el-estero-salado-guayaquil\/\">Read more &rarr;<\/a><\/p>\n","protected":false},"author":13,"featured_media":12615,"comment_status":"open","ping_status":"open","sticky":false,"template":"","format":"standard","meta":{"footnotes":""},"categories":[16,4],"tags":[],"class_list":["post-12614","post","type-post","status-publish","format-standard","has-post-thumbnail","hentry","category-comunicamos","category-noticias","xfolkentry"],"_links":{"self":[{"href":"https:\/\/www.ambienteyenergia.gob.ec\/ambiente\/wp-json\/wp\/v2\/posts\/12614","targetHints":{"allow":["GET"]}}],"collection":[{"href":"https:\/\/www.ambienteyenergia.gob.ec\/ambiente\/wp-json\/wp\/v2\/posts"}],"about":[{"href":"https:\/\/www.ambienteyenergia.gob.ec\/ambiente\/wp-json\/wp\/v2\/types\/post"}],"author":[{"embeddable":true,"href":"https:\/\/www.ambienteyenergia.gob.ec\/ambiente\/wp-json\/wp\/v2\/users\/13"}],"replies":[{"embeddable":true,"href":"https:\/\/www.ambienteyenergia.gob.ec\/ambiente\/wp-json\/wp\/v2\/comments?post=12614"}],"version-history":[{"count":0,"href":"https:\/\/www.ambienteyenergia.gob.ec\/ambiente\/wp-json\/wp\/v2\/posts\/12614\/revisions"}],"wp:featuredmedia":[{"embeddable":true,"href":"https:\/\/www.ambienteyenergia.gob.ec\/ambiente\/wp-json\/wp\/v2\/media\/12615"}],"wp:attachment":[{"href":"https:\/\/www.ambienteyenergia.gob.ec\/ambiente\/wp-json\/wp\/v2\/media?parent=12614"}],"wp:term":[{"taxonomy":"category","embeddable":true,"href":"https:\/\/www.ambienteyenergia.gob.ec\/ambiente\/wp-json\/wp\/v2\/categories?post=12614"},{"taxonomy":"post_tag","embeddable":true,"href":"https:\/\/www.ambienteyenergia.gob.ec\/ambiente\/wp-json\/wp\/v2\/tags?post=12614"}],"curies":[{"name":"wp","href":"https:\/\/api.w.org\/{rel}","templated":true}]}}