{"id":12610,"date":"2013-06-20T21:25:38","date_gmt":"2013-06-21T02:25:38","guid":{"rendered":"http:\/\/www.ambiente.gob.ec\/?p=12610"},"modified":"2013-06-20T21:25:38","modified_gmt":"2013-06-21T02:25:38","slug":"mae-decomiso-272-pepinos-de-mar-en-quito","status":"publish","type":"post","link":"https:\/\/www.ambienteyenergia.gob.ec\/ambiente\/mae-decomiso-272-pepinos-de-mar-en-quito\/","title":{"rendered":"MAE decomis\u00f3 272 pepinos de mar en Quito"},"content":{"rendered":"<p style=\"text-align: justify;\">Ayer, el Ministerio del Ambiente (MAE), en coordinaci\u00f3n con la Unidad de Protecci\u00f3n del Medio Ambiente de la Polic\u00eda Nacional (UPMA), confisc\u00f3 272 pepinos de mar (Isostichopus fuscus), que estaban siendo transportados ilegalmente en el equipaje de un grupo de extranjeros, en el aeropuerto Mariscal Sucre de Quito.<\/p>\n<p style=\"text-align: justify;\">Una denuncia telef\u00f3nica alert\u00f3 a la Direcci\u00f3n Nacional de Biodiversidad del MAE, quienes se trasladaron de inmediato a realizar el operativo de control de fauna silvestre. Los espec\u00edmenes se encontraban dentro de bolsas pl\u00e1sticas herm\u00e9ticamente selladas a modo de productos (caramelos) salidos directamente de f\u00e1brica.<\/p>\n<p style=\"text-align: justify;\">Luego de explicar lo que implica el presunto delito ambiental, se procedi\u00f3 a llevarlos a la Unidad de Flagrancia de la Fiscal\u00eda de Pichincha, custodiados por los miembros de la UPMA. \u00a0Una vez en ah\u00ed, se indic\u00f3 a los funcionarios del lugar los hechos acontecidos, para que se proceda de acuerdo al reglamento.<\/p>\n<p style=\"text-align: justify;\">El pepino de mar est\u00e1 catalogado en el Ap\u00e9ndice III de la Convenci\u00f3n sobre el Comercio Internacional de Especies Amenazadas de Fauna y Flora Silvestres (CITES), que se refiere a aquellas especies, de las cuales un pa\u00eds <strong>necesita apoyo de los dem\u00e1s para protegerlos.<\/strong><\/p>\n<p style=\"text-align: justify;\"><strong>El dato<\/strong><\/p>\n<p style=\"text-align: justify;\">El delito ambiental de conformidad con el Art. 437G(437.7) del C\u00f3digo Penal, expone: \u201cel que extraiga especies de flora o fauna acu\u00e1ticas protegidas, en \u00e9pocas, cantidades o zonas vedadas o utilice procedimientos de pesca o caza prohibidos, ser\u00e1 reprimido con prisi\u00f3n de uno a tres a\u00f1os\u201d.<\/p>\n<p style=\"text-align: justify;\">\u00a0<a href=\"http:\/\/www.ambienteyenergia.gob.ec\/ambiente\/wp-content\/uploads\/2013\/06\/2013-06-19-15.24.jpg\"><img loading=\"lazy\" decoding=\"async\" class=\"aligncenter size-full wp-image-12611\" title=\"pepinos\" src=\"http:\/\/www.ambienteyenergia.gob.ec\/ambiente\/wp-content\/uploads\/2013\/06\/2013-06-19-15.24.jpg\" alt=\"\" width=\"867\" height=\"650\" srcset=\"https:\/\/www.ambienteyenergia.gob.ec\/ambiente\/wp-content\/uploads\/sites\/2\/2013\/06\/2013-06-19-15.24.jpg 867w, https:\/\/www.ambienteyenergia.gob.ec\/ambiente\/wp-content\/uploads\/sites\/2\/2013\/06\/2013-06-19-15.24-300x224.jpg 300w, https:\/\/www.ambienteyenergia.gob.ec\/ambiente\/wp-content\/uploads\/sites\/2\/2013\/06\/2013-06-19-15.24-400x300.jpg 400w\" sizes=\"auto, (max-width: 867px) 100vw, 867px\" \/><\/a><\/p>\n","protected":false},"excerpt":{"rendered":"<p class=\"excerpt\">Ayer, el Ministerio del Ambiente (MAE), en coordinaci\u00f3n con la Unidad de Protecci\u00f3n del Medio Ambiente de la Polic\u00eda Nacional (UPMA), confisc\u00f3 272 pepinos de mar (Isostichopus fuscus), que estaban siendo transportados ilegalmente en el equipaje de un grupo de extranjeros, en el aeropuerto Mariscal Sucre de Quito. Una denuncia telef\u00f3nica alert\u00f3 a la Direcci\u00f3n Nacional de Biodiversidad del MAE,&hellip; <a href=\"https:\/\/www.ambienteyenergia.gob.ec\/ambiente\/mae-decomiso-272-pepinos-de-mar-en-quito\/\">Read more &rarr;<\/a><\/p>\n","protected":false},"author":13,"featured_media":12612,"comment_status":"open","ping_status":"open","sticky":false,"template":"","format":"standard","meta":{"footnotes":""},"categories":[16,4],"tags":[],"class_list":["post-12610","post","type-post","status-publish","format-standard","has-post-thumbnail","hentry","category-comunicamos","category-noticias","xfolkentry"],"_links":{"self":[{"href":"https:\/\/www.ambienteyenergia.gob.ec\/ambiente\/wp-json\/wp\/v2\/posts\/12610","targetHints":{"allow":["GET"]}}],"collection":[{"href":"https:\/\/www.ambienteyenergia.gob.ec\/ambiente\/wp-json\/wp\/v2\/posts"}],"about":[{"href":"https:\/\/www.ambienteyenergia.gob.ec\/ambiente\/wp-json\/wp\/v2\/types\/post"}],"author":[{"embeddable":true,"href":"https:\/\/www.ambienteyenergia.gob.ec\/ambiente\/wp-json\/wp\/v2\/users\/13"}],"replies":[{"embeddable":true,"href":"https:\/\/www.ambienteyenergia.gob.ec\/ambiente\/wp-json\/wp\/v2\/comments?post=12610"}],"version-history":[{"count":0,"href":"https:\/\/www.ambienteyenergia.gob.ec\/ambiente\/wp-json\/wp\/v2\/posts\/12610\/revisions"}],"wp:featuredmedia":[{"embeddable":true,"href":"https:\/\/www.ambienteyenergia.gob.ec\/ambiente\/wp-json\/wp\/v2\/media\/12612"}],"wp:attachment":[{"href":"https:\/\/www.ambienteyenergia.gob.ec\/ambiente\/wp-json\/wp\/v2\/media?parent=12610"}],"wp:term":[{"taxonomy":"category","embeddable":true,"href":"https:\/\/www.ambienteyenergia.gob.ec\/ambiente\/wp-json\/wp\/v2\/categories?post=12610"},{"taxonomy":"post_tag","embeddable":true,"href":"https:\/\/www.ambienteyenergia.gob.ec\/ambiente\/wp-json\/wp\/v2\/tags?post=12610"}],"curies":[{"name":"wp","href":"https:\/\/api.w.org\/{rel}","templated":true}]}}