{"id":12604,"date":"2013-06-20T15:22:49","date_gmt":"2013-06-20T20:22:49","guid":{"rendered":"http:\/\/www.ambiente.gob.ec\/?p=12604"},"modified":"2013-06-20T15:22:49","modified_gmt":"2013-06-20T20:22:49","slug":"mae-apoya-al-sector-pesquero-de-galapagos","status":"publish","type":"post","link":"https:\/\/www.ambienteyenergia.gob.ec\/ambiente\/mae-apoya-al-sector-pesquero-de-galapagos\/","title":{"rendered":"MAE apoya al sector pesquero de Gal\u00e1pagos"},"content":{"rendered":"<p style=\"text-align: justify;\">Tras un taller de trabajo entre los representantes de la cooperativas de pesca artesanal de Gal\u00e1pagos, el Ministerio del Ambiente (MAE), a trav\u00e9s del Parque Nacional Gal\u00e1pagos, acord\u00f3 realizar un acompa\u00f1amiento para\u00a0 la soluci\u00f3n de inconvenientes relacionados con cr\u00e9ditos de financiamiento de embarcaciones, que son parte de la operaci\u00f3n de la Pesca Vivencial. \u00a0Estos y otros acuerdos se comunicar\u00e1n esta tarde en el Taller Agenda Gal\u00e1pagos, presidida por el Presidente, Rafael Correa, que se lleva a cabo en\u00a0 el Centro Comunitario Miguel Cifuentes.\u00a0 En esta reuni\u00f3n de trabajo participa la Ministra del Ambiente, Lorena Tapia y otros Ministros de Estado.<\/p>\n<p style=\"text-align: justify;\">Los pescadores solicitaron ayuda a esta Cartera de Estado por las deudas e intereses que mantienen con el Banco Nacional de Fomento por este tema, ante lo cual, el MAE hizo de mediador para lograr acuerdos entre las dos partes y as\u00ed beneficiar al pa\u00eds.<\/p>\n<p style=\"text-align: justify;\">En el taller de ayer, los pescadores tambi\u00e9n solicitaron una reuni\u00f3n con el Presidente Rafael Correa. Se ten\u00eda previsto que sean atendidos por la tarde en el taller de trabajo de la Funci\u00f3n Ejecutiva.<\/p>\n<p style=\"text-align: justify;\">El gremio plantea, \u00a0adem\u00e1s,\u00a0 otros aspectos como el uso de empate oce\u00e1nico, la depuraci\u00f3n del registro pesquero y la restructuraci\u00f3n de las cooperativas, as\u00ed como el fortalecimiento de la comercializaci\u00f3n. Todos estos pedidos ser\u00e1n analizados por las autoridades para dar respuesta de forma inmediata.<\/p>\n<p style=\"text-align: justify;\">Adicionalmente, el Ministerio del Ambiente program\u00f3 un taller, que se efectuar\u00e1 en las pr\u00f3ximas semanas, en el cual, los representantes de las cooperativas de pesca de las islas Santa Cruz, San Crist\u00f3bal e Isabela analizar\u00e1n los temas indicados, mismos que est\u00e1n relacionados con la pol\u00edtica pesquera.<\/p>\n<p style=\"text-align: justify;\">\n","protected":false},"excerpt":{"rendered":"<p class=\"excerpt\">Tras un taller de trabajo entre los representantes de la cooperativas de pesca artesanal de Gal\u00e1pagos, el Ministerio del Ambiente (MAE), a trav\u00e9s del Parque Nacional Gal\u00e1pagos, acord\u00f3 realizar un acompa\u00f1amiento para\u00a0 la soluci\u00f3n de inconvenientes relacionados con cr\u00e9ditos de financiamiento de embarcaciones, que son parte de la operaci\u00f3n de la Pesca Vivencial. \u00a0Estos y otros acuerdos se comunicar\u00e1n esta&hellip; <a href=\"https:\/\/www.ambienteyenergia.gob.ec\/ambiente\/mae-apoya-al-sector-pesquero-de-galapagos\/\">Read more &rarr;<\/a><\/p>\n","protected":false},"author":13,"featured_media":12605,"comment_status":"open","ping_status":"open","sticky":false,"template":"","format":"standard","meta":{"footnotes":""},"categories":[16,4],"tags":[],"class_list":["post-12604","post","type-post","status-publish","format-standard","has-post-thumbnail","hentry","category-comunicamos","category-noticias","xfolkentry"],"_links":{"self":[{"href":"https:\/\/www.ambienteyenergia.gob.ec\/ambiente\/wp-json\/wp\/v2\/posts\/12604","targetHints":{"allow":["GET"]}}],"collection":[{"href":"https:\/\/www.ambienteyenergia.gob.ec\/ambiente\/wp-json\/wp\/v2\/posts"}],"about":[{"href":"https:\/\/www.ambienteyenergia.gob.ec\/ambiente\/wp-json\/wp\/v2\/types\/post"}],"author":[{"embeddable":true,"href":"https:\/\/www.ambienteyenergia.gob.ec\/ambiente\/wp-json\/wp\/v2\/users\/13"}],"replies":[{"embeddable":true,"href":"https:\/\/www.ambienteyenergia.gob.ec\/ambiente\/wp-json\/wp\/v2\/comments?post=12604"}],"version-history":[{"count":0,"href":"https:\/\/www.ambienteyenergia.gob.ec\/ambiente\/wp-json\/wp\/v2\/posts\/12604\/revisions"}],"wp:featuredmedia":[{"embeddable":true,"href":"https:\/\/www.ambienteyenergia.gob.ec\/ambiente\/wp-json\/wp\/v2\/media\/12605"}],"wp:attachment":[{"href":"https:\/\/www.ambienteyenergia.gob.ec\/ambiente\/wp-json\/wp\/v2\/media?parent=12604"}],"wp:term":[{"taxonomy":"category","embeddable":true,"href":"https:\/\/www.ambienteyenergia.gob.ec\/ambiente\/wp-json\/wp\/v2\/categories?post=12604"},{"taxonomy":"post_tag","embeddable":true,"href":"https:\/\/www.ambienteyenergia.gob.ec\/ambiente\/wp-json\/wp\/v2\/tags?post=12604"}],"curies":[{"name":"wp","href":"https:\/\/api.w.org\/{rel}","templated":true}]}}