{"id":12597,"date":"2013-06-20T12:46:04","date_gmt":"2013-06-20T17:46:04","guid":{"rendered":"http:\/\/www.ambiente.gob.ec\/?p=12597"},"modified":"2013-06-20T12:46:04","modified_gmt":"2013-06-20T17:46:04","slug":"mae-suscribe-convenio-para-optimizar-la-gestion-de-residuos-solidos-en-la-mancomunidad-del-buen-vivir-quevedo","status":"publish","type":"post","link":"https:\/\/www.ambienteyenergia.gob.ec\/ambiente\/mae-suscribe-convenio-para-optimizar-la-gestion-de-residuos-solidos-en-la-mancomunidad-del-buen-vivir-quevedo\/","title":{"rendered":"MAE suscribe convenio para optimizar la gesti\u00f3n de residuos s\u00f3lidos en la Mancomunidad del Buen Vivir (Quevedo)"},"content":{"rendered":"<p style=\"text-align: justify;\">El Ministerio del Ambiente (MAE), la Secretar\u00eda Nacional de Planificaci\u00f3n y Desarrollo (SENPLADES) y el Instituto Nacional de Preinversi\u00f3n (INP) suscribieron hoy, un convenio para ejecutar los \u201cEstudios de la Gesti\u00f3n Integral y Aprovechamiento de los Residuos S\u00f3lidos Generados por la Mancomunidad del Buen Vivir\u201d, en la ciudad de Quevedo, provincia de Los R\u00edos.<\/p>\n<p style=\"text-align: justify;\">La investigaci\u00f3n busca comprobar la factibilidad de un proyecto interinstitucional, que permitir\u00e1 una gesti\u00f3n \u00f3ptima de residuos s\u00f3lidos en la comunidad del Buen Vivir, conformada por 20 Gobiernos Aut\u00f3nomos Descentralizados de las provincias Los R\u00edos, Guayas y Bol\u00edvar.<\/p>\n<p style=\"text-align: justify;\">Paula Guerra, Gerenta General del Programa Nacional de Gesti\u00f3n Integral de Desechos S\u00f3lidos (PNGIDS) del MAE, en su intervenci\u00f3n explic\u00f3 que el objetivo es dise\u00f1ar e implementar una gesti\u00f3n integral de residuos, fortaleciendo los servicios de aseo y el aprovechamiento de recursos. \u201cPara esto se han planteado estrategias como la categorizaci\u00f3n de los Gobiernos Aut\u00f3nomos Descentralizados (GAD\u2019s), estandarizaci\u00f3n de gesti\u00f3n de residuos, cierre t\u00e9cnico de los botaderos hasta el 2017, aprovechamiento y agregaci\u00f3n de valor, y la creaci\u00f3n de Mancomunidades para facilitar y apoyar el manejo de residuos\u201d, afirm\u00f3.<\/p>\n<p style=\"text-align: justify;\">Los estudios \u2013cuya inversi\u00f3n asciende a los USD 3 millones- tendr\u00e1n una duraci\u00f3n de 15 meses aproximadamente y se desarrollar\u00e1n en cinco etapas. El diagn\u00f3stico de la situaci\u00f3n actual de los cantones, en la que se ejecutar\u00e1 una valoraci\u00f3n del estado de residuos s\u00f3lidos en la Mancomunidad; estudios de prefactibilidad, donde identificar\u00e1n las alternativas del sistema integral de desechos s\u00f3lidos y analizar\u00e1n opciones para el cierre t\u00e9cnico de botaderos; estudios de factibilidad, que comprenden predise\u00f1o del modelo operativo y de gesti\u00f3n, as\u00ed como an\u00e1lisis geol\u00f3gicos, geot\u00e9cnicos, hidrol\u00f3gicos y metereol\u00f3gicos en la zona; dise\u00f1os definitivos, en los que se buscar adaptar la iniciativa a los requerimientos de los GAD\u00b4s y el estudio de impacto ambiental.<\/p>\n<p style=\"text-align: justify;\">El proyecto beneficiar\u00e1 a alrededor de 979 mil habitantes de los cantones que conforman la Mancomunidad del Buen Vivir, con la generaci\u00f3n de empleo. Asimismo, minimizar\u00e1 los impactos y se reducir\u00e1n los costos\u00a0asociados con el manejo de los desechos s\u00f3lidos.<\/p>\n<p style=\"text-align: justify;\">\u201cDesde el 2010 hasta el 2013, el MAE ha invertido alrededor de UDS7 millones en la gesti\u00f3n integral de residuos s\u00f3lidos, con el fin de fortalecer la optimizaci\u00f3n de recursos, reducir el impacto ambiental, promover un manejo adecuado de desechos y aportar a la producci\u00f3n de energ\u00eda\u201d, enfatiz\u00f3 Guerra.<\/p>\n<p style=\"text-align: justify;\">El MAE al firmar este acuerdo, pretende sanear los pasivos ambientales resultado del mal manejo de los residuos s\u00f3lidos y botaderos, evitando la contaminaci\u00f3n y salvaguardando la biodiversidad de la zona.<\/p>\n<p style=\"text-align: justify;\"><strong>Situaci\u00f3n de los residuos s\u00f3lidos en el pa\u00eds<\/strong><\/p>\n<ul>\n<li><span style=\"text-align: justify;\">El servicio de recolecci\u00f3n de residuos s\u00f3lidos a nivel nacional tiene una cobertura promedio del 84.2% en las \u00e1reas urbanas y de 54.1% en el \u00e1rea rural, la fracci\u00f3n no recolectada contribuye directamente a la creaci\u00f3n de micro basurales descontrolados y a la quema de basura.<\/span><\/li>\n<li>Solo el 28% de los residuos urbanos terminan en un relleno sanitario, el otro 72% se dispone en botaderos a cielo abierto (quebradas, r\u00edos, terrenos bald\u00edos) los cuales provocan problemas ambientales y de salud a la poblaci\u00f3n.<\/li>\n<li>Hasta el a\u00f1o 2017 se pretende eliminar todos los botaderos, con el cierre t\u00e9cnico de los mismos.<\/li>\n<\/ul>\n<div id='gallery-1' class='gallery galleryid-12597 gallery-columns-4 gallery-size-thumbnail'><dl class='gallery-item'>\n\t\t\t<dt class='gallery-icon landscape'>\n\t\t\t\t<a href='https:\/\/www.ambienteyenergia.gob.ec\/ambiente\/mae-suscribe-convenio-para-optimizar-la-gestion-de-residuos-solidos-en-la-mancomunidad-del-buen-vivir-quevedo\/paula-1\/'><img loading=\"lazy\" decoding=\"async\" width=\"150\" height=\"150\" src=\"https:\/\/www.ambienteyenergia.gob.ec\/ambiente\/wp-content\/uploads\/sites\/2\/2013\/06\/Paula-1-150x150.jpg\" class=\"attachment-thumbnail size-thumbnail\" alt=\"\" \/><\/a>\n\t\t\t<\/dt><\/dl><dl class='gallery-item'>\n\t\t\t<dt class='gallery-icon landscape'>\n\t\t\t\t<a href='https:\/\/www.ambienteyenergia.gob.ec\/ambiente\/mae-suscribe-convenio-para-optimizar-la-gestion-de-residuos-solidos-en-la-mancomunidad-del-buen-vivir-quevedo\/paula-3\/'><img loading=\"lazy\" decoding=\"async\" width=\"150\" height=\"150\" src=\"https:\/\/www.ambienteyenergia.gob.ec\/ambiente\/wp-content\/uploads\/sites\/2\/2013\/06\/paula-3-150x150.jpg\" class=\"attachment-thumbnail size-thumbnail\" alt=\"\" \/><\/a>\n\t\t\t<\/dt><\/dl>\n\t\t\t<br style='clear: both' \/>\n\t\t<\/div>\n\n","protected":false},"excerpt":{"rendered":"<p class=\"excerpt\">El Ministerio del Ambiente (MAE), la Secretar\u00eda Nacional de Planificaci\u00f3n y Desarrollo (SENPLADES) y el Instituto Nacional de Preinversi\u00f3n (INP) suscribieron hoy, un convenio para ejecutar los \u201cEstudios de la Gesti\u00f3n Integral y Aprovechamiento de los Residuos S\u00f3lidos Generados por la Mancomunidad del Buen Vivir\u201d, en la ciudad de Quevedo, provincia de Los R\u00edos. La investigaci\u00f3n busca comprobar la factibilidad&hellip; <a href=\"https:\/\/www.ambienteyenergia.gob.ec\/ambiente\/mae-suscribe-convenio-para-optimizar-la-gestion-de-residuos-solidos-en-la-mancomunidad-del-buen-vivir-quevedo\/\">Read more &rarr;<\/a><\/p>\n","protected":false},"author":13,"featured_media":12598,"comment_status":"open","ping_status":"open","sticky":false,"template":"","format":"standard","meta":{"footnotes":""},"categories":[16,4],"tags":[],"class_list":["post-12597","post","type-post","status-publish","format-standard","has-post-thumbnail","hentry","category-comunicamos","category-noticias","xfolkentry"],"_links":{"self":[{"href":"https:\/\/www.ambienteyenergia.gob.ec\/ambiente\/wp-json\/wp\/v2\/posts\/12597","targetHints":{"allow":["GET"]}}],"collection":[{"href":"https:\/\/www.ambienteyenergia.gob.ec\/ambiente\/wp-json\/wp\/v2\/posts"}],"about":[{"href":"https:\/\/www.ambienteyenergia.gob.ec\/ambiente\/wp-json\/wp\/v2\/types\/post"}],"author":[{"embeddable":true,"href":"https:\/\/www.ambienteyenergia.gob.ec\/ambiente\/wp-json\/wp\/v2\/users\/13"}],"replies":[{"embeddable":true,"href":"https:\/\/www.ambienteyenergia.gob.ec\/ambiente\/wp-json\/wp\/v2\/comments?post=12597"}],"version-history":[{"count":0,"href":"https:\/\/www.ambienteyenergia.gob.ec\/ambiente\/wp-json\/wp\/v2\/posts\/12597\/revisions"}],"wp:featuredmedia":[{"embeddable":true,"href":"https:\/\/www.ambienteyenergia.gob.ec\/ambiente\/wp-json\/wp\/v2\/media\/12598"}],"wp:attachment":[{"href":"https:\/\/www.ambienteyenergia.gob.ec\/ambiente\/wp-json\/wp\/v2\/media?parent=12597"}],"wp:term":[{"taxonomy":"category","embeddable":true,"href":"https:\/\/www.ambienteyenergia.gob.ec\/ambiente\/wp-json\/wp\/v2\/categories?post=12597"},{"taxonomy":"post_tag","embeddable":true,"href":"https:\/\/www.ambienteyenergia.gob.ec\/ambiente\/wp-json\/wp\/v2\/tags?post=12597"}],"curies":[{"name":"wp","href":"https:\/\/api.w.org\/{rel}","templated":true}]}}