{"id":12594,"date":"2013-06-20T12:38:22","date_gmt":"2013-06-20T17:38:22","guid":{"rendered":"http:\/\/www.ambiente.gob.ec\/?p=12594"},"modified":"2013-06-20T14:27:24","modified_gmt":"2013-06-20T19:27:24","slug":"cinco-acusados-por-delito-ambiental-en-la-comuna-de-montanita-santa-elena","status":"publish","type":"post","link":"https:\/\/www.ambienteyenergia.gob.ec\/ambiente\/cinco-acusados-por-delito-ambiental-en-la-comuna-de-montanita-santa-elena\/","title":{"rendered":"Cinco acusados por Delito Ambiental en la comuna de Monta\u00f1ita, Santa Elena"},"content":{"rendered":"<p style=\"text-align: justify;\"><strong><\/strong>Ayer, \u00a0el Juez Primero de Garant\u00edas Penales de Santa Elena dict\u00f3 la apertura de la Instrucci\u00f3n Fiscal (90 d\u00edas ) por el Delito Ambiental causado por la descarga de aguas del el estero Chicharr\u00f3n al mar de la comuna Monta\u00f1ita, imputando a dos contratistas del Gobierno Aut\u00f3nomo Descentralizado de Santa Elena, dos t\u00e9cnicos y el gerente de la Empresa de Agua Potable AGUAPEN.<\/p>\n<p style=\"text-align: justify;\">Esta Audiencia P\u00fablica de Formulaci\u00f3n de Cargos fue realizada 14 d\u00edas despu\u00e9s de que la Fiscal\u00eda cerrara la etapa de Indagaci\u00f3n Previa y solicitara la ejecuci\u00f3n de dicha audiencia al Juzgado de Garant\u00edas Penales. Esto, luego de que un perito designado por el Consejo de la Judicatura de Santa Elena presentara \u00a0el informe del an\u00e1lisis y muestreo de las aguas del Chicharr\u00f3n, mismo que determin\u00f3 que exist\u00edan par\u00e1metros que est\u00e1n fuera de la norma tanto en residuos s\u00f3lidos y \u00a0como en l\u00edquidos.<\/p>\n<p style=\"text-align: justify;\">Por orden del Juez, uno de los acusados est\u00e1 detenido de forma preventiva, mientras que los otros cuatro tienen orden de Arraigo Social. El Ministerio del Ambiente (MAE), pedir\u00e1 la revocaci\u00f3n de esta \u00faltima medida.<\/p>\n<p style=\"text-align: justify;\">Adem\u00e1s, esta Cartera de Estado presentar\u00e1 una acusaci\u00f3n particular en contra de los cinco imputados e impulsar\u00e1 la Instrucci\u00f3n Fiscal por medio de la Unidad Jur\u00eddica de la\u00a0 Direcci\u00f3n Provincial de Ambiente de Santa Elena.<\/p>\n<p style=\"text-align: justify;\">El MAE, como principal rector ambiental del pa\u00eds, velar\u00e1 para que se cumpla el debido proceso en este caso de delito contra la naturaleza y para que se apliquen las sanciones contempladas en la Legislaci\u00f3n vigente. Asimismo, continuar\u00e1 monitoreando las aguas del estero y el mar de Monta\u00f1ita para garantizar el bienestar de la poblaci\u00f3n y el entorno.<\/p>\n<p>&nbsp;<\/p>\n<p>&nbsp;<\/p>\n","protected":false},"excerpt":{"rendered":"<p class=\"excerpt\">Ayer, \u00a0el Juez Primero de Garant\u00edas Penales de Santa Elena dict\u00f3 la apertura de la Instrucci\u00f3n Fiscal (90 d\u00edas ) por el Delito Ambiental causado por la descarga de aguas del el estero Chicharr\u00f3n al mar de la comuna Monta\u00f1ita, imputando a dos contratistas del Gobierno Aut\u00f3nomo Descentralizado de Santa Elena, dos t\u00e9cnicos y el gerente de la Empresa de&hellip; <a href=\"https:\/\/www.ambienteyenergia.gob.ec\/ambiente\/cinco-acusados-por-delito-ambiental-en-la-comuna-de-montanita-santa-elena\/\">Read more &rarr;<\/a><\/p>\n","protected":false},"author":13,"featured_media":12579,"comment_status":"open","ping_status":"open","sticky":false,"template":"","format":"standard","meta":{"footnotes":""},"categories":[16,4],"tags":[],"class_list":["post-12594","post","type-post","status-publish","format-standard","has-post-thumbnail","hentry","category-comunicamos","category-noticias","xfolkentry"],"_links":{"self":[{"href":"https:\/\/www.ambienteyenergia.gob.ec\/ambiente\/wp-json\/wp\/v2\/posts\/12594","targetHints":{"allow":["GET"]}}],"collection":[{"href":"https:\/\/www.ambienteyenergia.gob.ec\/ambiente\/wp-json\/wp\/v2\/posts"}],"about":[{"href":"https:\/\/www.ambienteyenergia.gob.ec\/ambiente\/wp-json\/wp\/v2\/types\/post"}],"author":[{"embeddable":true,"href":"https:\/\/www.ambienteyenergia.gob.ec\/ambiente\/wp-json\/wp\/v2\/users\/13"}],"replies":[{"embeddable":true,"href":"https:\/\/www.ambienteyenergia.gob.ec\/ambiente\/wp-json\/wp\/v2\/comments?post=12594"}],"version-history":[{"count":0,"href":"https:\/\/www.ambienteyenergia.gob.ec\/ambiente\/wp-json\/wp\/v2\/posts\/12594\/revisions"}],"wp:featuredmedia":[{"embeddable":true,"href":"https:\/\/www.ambienteyenergia.gob.ec\/ambiente\/wp-json\/wp\/v2\/media\/12579"}],"wp:attachment":[{"href":"https:\/\/www.ambienteyenergia.gob.ec\/ambiente\/wp-json\/wp\/v2\/media?parent=12594"}],"wp:term":[{"taxonomy":"category","embeddable":true,"href":"https:\/\/www.ambienteyenergia.gob.ec\/ambiente\/wp-json\/wp\/v2\/categories?post=12594"},{"taxonomy":"post_tag","embeddable":true,"href":"https:\/\/www.ambienteyenergia.gob.ec\/ambiente\/wp-json\/wp\/v2\/tags?post=12594"}],"curies":[{"name":"wp","href":"https:\/\/api.w.org\/{rel}","templated":true}]}}