{"id":12589,"date":"2013-06-20T10:46:42","date_gmt":"2013-06-20T15:46:42","guid":{"rendered":"http:\/\/www.ambiente.gob.ec\/?p=12589"},"modified":"2013-06-20T10:46:42","modified_gmt":"2013-06-20T15:46:42","slug":"mae-dirige-taller-de-namas-a-funcionarios-de-alto-nivel-de-instituciones-del-sector-energetico","status":"publish","type":"post","link":"https:\/\/www.ambienteyenergia.gob.ec\/ambiente\/mae-dirige-taller-de-namas-a-funcionarios-de-alto-nivel-de-instituciones-del-sector-energetico\/","title":{"rendered":"MAE dirige taller de NAMAS a funcionarios de alto nivel de instituciones del Sector Energ\u00e9tico"},"content":{"rendered":"<p align=\"JUSTIFY\"><span style=\"color: #000000;\">El Ministerio de Ambiente (MAE), a trav\u00e9s de la Subsecretar\u00eda de Cambio Clim\u00e1tico &#8211; Proyecto Fomento de Capacidades para la Mitigaci\u00f3n del Cambio Clim\u00e1tico en Ecuador (FOCAM), y el Programa de las Naciones Unidas para el Desarrollo (PNUD) llevan a cabo el taller \u201cEstructuraci\u00f3n y desarrollo de Acciones Nacionales de Mitigaci\u00f3n Apropiadas (NAMAS), en el sector de energ\u00eda\u201d, el mismo que se realiz\u00f3 en dos jornadas de trabajo del 18 al 19 de junio, en la ciudad de Quito.<\/span><\/p>\n<p align=\"JUSTIFY\"><span style=\"color: #000000;\">El objetivo de este encuentro fue establecer un mecanismo de trabajo interinstitucional con actores p\u00fablicos y privados para la construcci\u00f3n de la estructura de NAMAS en el sector energ\u00e9tico ecuatoriano, y a trav\u00e9s de mesas de trabajo conformado por los puntos focales de las diferentes instituciones elaborar una matriz de informaci\u00f3n actualizada y una hoja de ruta de con actividades, tiempos y responsables.<\/span><\/p>\n<p align=\"JUSTIFY\"><span style=\"color: #00000a;\">El tratamiento de iniciativas apropiadas para el Ecuador, direccionadas a la reducci\u00f3n de emisiones de Gases de Efecto Invernadero, presentan cobeneficios ambientales, sociales y econ\u00f3micos, este es el contexto de trabajo del proyecto FOCAM, el cual impulsa a establecer sinergias entre instituciones p\u00fablicas y privadas, as\u00ed como conocer las iniciativas, medidas o estrategias en concordancia con la Pol\u00edtica Nacional de cambio en la Matriz Energ\u00e9tica y la Matriz Productiva del pa\u00eds.<\/span><\/p>\n<p align=\"JUSTIFY\"><span style=\"color: #00000a;\">Objetivos del proyecto FOCAM<\/span><\/p>\n<ul>\n<li>\n<p align=\"JUSTIFY\"><span style=\"color: #00000a;\">Identificar y formular accione de mitigaci\u00f3n apropiadas para el pa\u00eds (NAMAS).<\/span><\/p>\n<\/li>\n<li>\n<p align=\"JUSTIFY\"><span style=\"color: #00000a;\">Desarrollar sistemas que permitan la institucionalizaci\u00f3n y desarrollo de GEI, as\u00ed como el Monitoreo, Reporte y Verificaci\u00f3n (MRV), de las acciones, medidas, regulaciones, pol\u00edticas y programas para la reducci\u00f3n de dichas emisiones.<\/span><\/p>\n<\/li>\n<li>\n<p align=\"JUSTIFY\"><span style=\"color: #00000a;\">Elaborar el Plan Nacional de Mitigaci\u00f3n del Cambio Clim\u00e1tico (PNMCC), como instrumento de pol\u00edtica p\u00fablica que permita el desempe\u00f1o de las instituciones tanto p\u00fablicas como privadas. <\/span><\/p>\n<\/li>\n<\/ul>\n<p align=\"JUSTIFY\"><span style=\"color: #ffffff;\"><span style=\"font-family: FreeSans;\"><span style=\"font-size: medium;\">POL\u00cdTICA<\/span><\/span><\/span><\/p>\n<p align=\"JUSTIFY\">\n","protected":false},"excerpt":{"rendered":"<p class=\"excerpt\">El Ministerio de Ambiente (MAE), a trav\u00e9s de la Subsecretar\u00eda de Cambio Clim\u00e1tico &#8211; Proyecto Fomento de Capacidades para la Mitigaci\u00f3n del Cambio Clim\u00e1tico en Ecuador (FOCAM), y el Programa de las Naciones Unidas para el Desarrollo (PNUD) llevan a cabo el taller \u201cEstructuraci\u00f3n y desarrollo de Acciones Nacionales de Mitigaci\u00f3n Apropiadas (NAMAS), en el sector de energ\u00eda\u201d, el mismo&hellip; <a href=\"https:\/\/www.ambienteyenergia.gob.ec\/ambiente\/mae-dirige-taller-de-namas-a-funcionarios-de-alto-nivel-de-instituciones-del-sector-energetico\/\">Read more &rarr;<\/a><\/p>\n","protected":false},"author":13,"featured_media":12590,"comment_status":"open","ping_status":"open","sticky":false,"template":"","format":"standard","meta":{"footnotes":""},"categories":[16,4],"tags":[],"class_list":["post-12589","post","type-post","status-publish","format-standard","has-post-thumbnail","hentry","category-comunicamos","category-noticias","xfolkentry"],"_links":{"self":[{"href":"https:\/\/www.ambienteyenergia.gob.ec\/ambiente\/wp-json\/wp\/v2\/posts\/12589","targetHints":{"allow":["GET"]}}],"collection":[{"href":"https:\/\/www.ambienteyenergia.gob.ec\/ambiente\/wp-json\/wp\/v2\/posts"}],"about":[{"href":"https:\/\/www.ambienteyenergia.gob.ec\/ambiente\/wp-json\/wp\/v2\/types\/post"}],"author":[{"embeddable":true,"href":"https:\/\/www.ambienteyenergia.gob.ec\/ambiente\/wp-json\/wp\/v2\/users\/13"}],"replies":[{"embeddable":true,"href":"https:\/\/www.ambienteyenergia.gob.ec\/ambiente\/wp-json\/wp\/v2\/comments?post=12589"}],"version-history":[{"count":0,"href":"https:\/\/www.ambienteyenergia.gob.ec\/ambiente\/wp-json\/wp\/v2\/posts\/12589\/revisions"}],"wp:featuredmedia":[{"embeddable":true,"href":"https:\/\/www.ambienteyenergia.gob.ec\/ambiente\/wp-json\/wp\/v2\/media\/12590"}],"wp:attachment":[{"href":"https:\/\/www.ambienteyenergia.gob.ec\/ambiente\/wp-json\/wp\/v2\/media?parent=12589"}],"wp:term":[{"taxonomy":"category","embeddable":true,"href":"https:\/\/www.ambienteyenergia.gob.ec\/ambiente\/wp-json\/wp\/v2\/categories?post=12589"},{"taxonomy":"post_tag","embeddable":true,"href":"https:\/\/www.ambienteyenergia.gob.ec\/ambiente\/wp-json\/wp\/v2\/tags?post=12589"}],"curies":[{"name":"wp","href":"https:\/\/api.w.org\/{rel}","templated":true}]}}