{"id":12578,"date":"2013-06-20T08:06:13","date_gmt":"2013-06-20T13:06:13","guid":{"rendered":"http:\/\/www.ambiente.gob.ec\/?p=12578"},"modified":"2013-06-20T08:06:13","modified_gmt":"2013-06-20T13:06:13","slug":"mae-contribuye-a-las-negociaciones-en-la-sexta-reposicion-del-fondo-mundial-para-el-medio-ambiente","status":"publish","type":"post","link":"https:\/\/www.ambienteyenergia.gob.ec\/ambiente\/mae-contribuye-a-las-negociaciones-en-la-sexta-reposicion-del-fondo-mundial-para-el-medio-ambiente\/","title":{"rendered":"MAE contribuye a las negociaciones en  la Sexta Reposici\u00f3n del Fondo Mundial para el Medio Ambiente"},"content":{"rendered":"<p style=\"text-align: justify;\">Ayer, el Ministerio del Ambiente (MAE) particip\u00f3 en la Sexta Reposici\u00f3n del Fondo Mundial para el Medio Ambiente (GEF), que se desarrolla en Washington, hasta el 20 de junio. Esta asamblea es una oportunidad para que todos los pa\u00edses puedan construir un mecanismo inclusivo, justo y equitativo, que otorgue recursos nuevos y adicionales en el que primen los resultados e impacto de los proyectos en los pa\u00edses y en el mundo.<\/p>\n<p style=\"text-align: justify;\">La Viceministra del Ambiente, M\u00f3nica Hidalgo, expres\u00f3 su agradecimiento como representante de la circunscripci\u00f3n de Brasil, Colombia y Ecuador, por el resumen ofrecido por el Secretariado de la primera reuni\u00f3n GEF de Par\u00eds y reiter\u00f3 su compromiso en contribuir para que las negociaciones concluyan satisfactoriamente para todas las partes. Destac\u00f3 -adem\u00e1s- el lineamiento estrat\u00e9gico\u00a0 de la \u00a0ministra Lorena Tapia, en este logro.<\/p>\n<p style=\"text-align: justify;\">Sin embargo, la Circunscripci\u00f3n manifest\u00f3 su preocupaci\u00f3n por lo expuesto en el documento \u201c<strong>Updateon GEF-6 Replenishment\u201d, <\/strong>especialmente, en el p\u00e1rrafo que se refierea las propuestas de aumento de la contribuci\u00f3n m\u00ednima al presupuesto del GEF, as\u00ed como la discusi\u00f3n sobre la distinci\u00f3n de las diferentes categor\u00edas de los pa\u00edses en desarrollo como la de \u201cmiddle-incomecountries\u201d o pa\u00edses de renta media. El tratamiento del tema significar\u00eda un desestimulo al compromiso de los pa\u00edses en desarrollo con el Fondo, sea en el papel de donantes como de usuarios de recursos.<\/p>\n<p style=\"text-align: justify;\">Por otra parte, la posibilidad de una disminuci\u00f3n de los recursos asignados para los pa\u00edses en desarrollo preocupa a la Circunscripci\u00f3n, pues esto no tiene que ser un limitante para el acceso al financiamiento para el proceso sostenible.<\/p>\n<p style=\"text-align: justify;\">La intervenci\u00f3n del Ecuador en esta asamblea es importante porque permitir\u00e1 posicionar al pa\u00eds a nivel internacional, en los \u00e1mbitos pol\u00edtico y t\u00e9cnico.<\/p>\n","protected":false},"excerpt":{"rendered":"<p class=\"excerpt\">Ayer, el Ministerio del Ambiente (MAE) particip\u00f3 en la Sexta Reposici\u00f3n del Fondo Mundial para el Medio Ambiente (GEF), que se desarrolla en Washington, hasta el 20 de junio. Esta asamblea es una oportunidad para que todos los pa\u00edses puedan construir un mecanismo inclusivo, justo y equitativo, que otorgue recursos nuevos y adicionales en el que primen los resultados e&hellip; <a href=\"https:\/\/www.ambienteyenergia.gob.ec\/ambiente\/mae-contribuye-a-las-negociaciones-en-la-sexta-reposicion-del-fondo-mundial-para-el-medio-ambiente\/\">Read more &rarr;<\/a><\/p>\n","protected":false},"author":13,"featured_media":12579,"comment_status":"open","ping_status":"open","sticky":false,"template":"","format":"standard","meta":{"footnotes":""},"categories":[16,4],"tags":[],"class_list":["post-12578","post","type-post","status-publish","format-standard","has-post-thumbnail","hentry","category-comunicamos","category-noticias","xfolkentry"],"_links":{"self":[{"href":"https:\/\/www.ambienteyenergia.gob.ec\/ambiente\/wp-json\/wp\/v2\/posts\/12578","targetHints":{"allow":["GET"]}}],"collection":[{"href":"https:\/\/www.ambienteyenergia.gob.ec\/ambiente\/wp-json\/wp\/v2\/posts"}],"about":[{"href":"https:\/\/www.ambienteyenergia.gob.ec\/ambiente\/wp-json\/wp\/v2\/types\/post"}],"author":[{"embeddable":true,"href":"https:\/\/www.ambienteyenergia.gob.ec\/ambiente\/wp-json\/wp\/v2\/users\/13"}],"replies":[{"embeddable":true,"href":"https:\/\/www.ambienteyenergia.gob.ec\/ambiente\/wp-json\/wp\/v2\/comments?post=12578"}],"version-history":[{"count":0,"href":"https:\/\/www.ambienteyenergia.gob.ec\/ambiente\/wp-json\/wp\/v2\/posts\/12578\/revisions"}],"wp:featuredmedia":[{"embeddable":true,"href":"https:\/\/www.ambienteyenergia.gob.ec\/ambiente\/wp-json\/wp\/v2\/media\/12579"}],"wp:attachment":[{"href":"https:\/\/www.ambienteyenergia.gob.ec\/ambiente\/wp-json\/wp\/v2\/media?parent=12578"}],"wp:term":[{"taxonomy":"category","embeddable":true,"href":"https:\/\/www.ambienteyenergia.gob.ec\/ambiente\/wp-json\/wp\/v2\/categories?post=12578"},{"taxonomy":"post_tag","embeddable":true,"href":"https:\/\/www.ambienteyenergia.gob.ec\/ambiente\/wp-json\/wp\/v2\/tags?post=12578"}],"curies":[{"name":"wp","href":"https:\/\/api.w.org\/{rel}","templated":true}]}}