{"id":12575,"date":"2013-06-20T08:04:18","date_gmt":"2013-06-20T13:04:18","guid":{"rendered":"http:\/\/www.ambiente.gob.ec\/?p=12575"},"modified":"2013-06-20T09:36:05","modified_gmt":"2013-06-20T14:36:05","slug":"concesiones-de-manglar-ofrecen-oportunidades-a-cangrejeros","status":"publish","type":"post","link":"https:\/\/www.ambienteyenergia.gob.ec\/ambiente\/concesiones-de-manglar-ofrecen-oportunidades-a-cangrejeros\/","title":{"rendered":"Concesiones de manglar ofrecen oportunidades a cangrejeros"},"content":{"rendered":"<p style=\"text-align: justify;\">\u201cEl Ministerio del Ambiente (MAE) me ha dado lo principal, la concesi\u00f3n de manglar\u201d, expres\u00f3 Geovanny Chal\u00e9n, presidente de la Asociaci\u00f3n de Cangrejeros y Pescadores Artesanales R\u00edos de Aguas Vivas, quien desde este mes, junto con 10 agremiados, ha implementado una microempresa para el procesamiento de cangrejo y la comercializaci\u00f3n de la pulpa.<\/p>\n<p style=\"text-align: justify;\">Esta asociaci\u00f3n cuenta con un Acuerdo de Uso Sustentable y Custodia de Manglar en las Islas La Seca, Los Chalenes y La Taza, ubicadas en el Golfo de Guayaquil, de donde extraen una producci\u00f3n continua de cangrejos, la que por ahora les permite cumplir con los pedidos que llegan hasta su microempresa denominada Cangrefresh.<\/p>\n<p style=\"text-align: justify;\">Chal\u00e9n recuerda que desde el 2009 conoci\u00f3 la iniciativa de las concesiones de manglar, siendo una opci\u00f3n atractiva por la cual trabaj\u00f3 junto a sus agremiados para conseguirla. El Acuerdo de Uso Sustentable y Custodia de Manglar a Usuarios Ancestrales o Tradicionales lo obtuvieron en el 2011.<\/p>\n<p style=\"text-align: justify;\">Desde entonces 32 integrantes de la Asociaci\u00f3n de Cangrejeros y Pescadores Artesanales R\u00edos de Aguas Vivas se encargan de proteger 2.579,30 hect\u00e1reas de manglar que comprenden el \u00e1rea concesionada, cumpliendo con las reglamentaciones contempladas en el Plan de Manejo, recuerda Xavier Carchi, Director de Gesti\u00f3n y Coordinaci\u00f3n de la Subsecretar\u00eda de Gesti\u00f3n Marina y Costera (SGMC).<\/p>\n<p style=\"text-align: justify;\">\u201cEllos se vuelven los guardianes del manglar, porque deben respetar las vedas, evitar la tala del mangle, cumplir con una extracci\u00f3n equitativa, etc.\u201d, destaca Carchi, tras mencionar que los integrantes de la Asociaci\u00f3n extraen diariamente cangrejos -principal producto- concha y\/o camar\u00f3n.<\/p>\n<p style=\"text-align: justify;\">Aunque la microempresa reci\u00e9n empieza, los integrantes est\u00e1n tramitando el registro sanitario para sus productos, con miras a expandir su productividad y poder manufacturar los cangrejos que adquieran a otros concesionarios de los alrededores del Golfo, indica Chal\u00e9n.<\/p>\n<p style=\"text-align: justify;\">Seg\u00fan registros de la SGMC, desde abril del 2000 hasta la presente fecha el Ministerio de Ambiente ha otorgado 44 Acuerdos de Uso Sustentable y Custodia de Manglar a organizaciones concheras, cangrejeras y pescadores artesanales totalizando 55.222,74 ha de manglar en todo el pa\u00eds.<\/p>\n","protected":false},"excerpt":{"rendered":"<p class=\"excerpt\">\u201cEl Ministerio del Ambiente (MAE) me ha dado lo principal, la concesi\u00f3n de manglar\u201d, expres\u00f3 Geovanny Chal\u00e9n, presidente de la Asociaci\u00f3n de Cangrejeros y Pescadores Artesanales R\u00edos de Aguas Vivas, quien desde este mes, junto con 10 agremiados, ha implementado una microempresa para el procesamiento de cangrejo y la comercializaci\u00f3n de la pulpa. Esta asociaci\u00f3n cuenta con un Acuerdo de&hellip; <a href=\"https:\/\/www.ambienteyenergia.gob.ec\/ambiente\/concesiones-de-manglar-ofrecen-oportunidades-a-cangrejeros\/\">Read more &rarr;<\/a><\/p>\n","protected":false},"author":13,"featured_media":12576,"comment_status":"open","ping_status":"open","sticky":false,"template":"","format":"standard","meta":{"footnotes":""},"categories":[16,4],"tags":[],"class_list":["post-12575","post","type-post","status-publish","format-standard","has-post-thumbnail","hentry","category-comunicamos","category-noticias","xfolkentry"],"_links":{"self":[{"href":"https:\/\/www.ambienteyenergia.gob.ec\/ambiente\/wp-json\/wp\/v2\/posts\/12575","targetHints":{"allow":["GET"]}}],"collection":[{"href":"https:\/\/www.ambienteyenergia.gob.ec\/ambiente\/wp-json\/wp\/v2\/posts"}],"about":[{"href":"https:\/\/www.ambienteyenergia.gob.ec\/ambiente\/wp-json\/wp\/v2\/types\/post"}],"author":[{"embeddable":true,"href":"https:\/\/www.ambienteyenergia.gob.ec\/ambiente\/wp-json\/wp\/v2\/users\/13"}],"replies":[{"embeddable":true,"href":"https:\/\/www.ambienteyenergia.gob.ec\/ambiente\/wp-json\/wp\/v2\/comments?post=12575"}],"version-history":[{"count":0,"href":"https:\/\/www.ambienteyenergia.gob.ec\/ambiente\/wp-json\/wp\/v2\/posts\/12575\/revisions"}],"wp:featuredmedia":[{"embeddable":true,"href":"https:\/\/www.ambienteyenergia.gob.ec\/ambiente\/wp-json\/wp\/v2\/media\/12576"}],"wp:attachment":[{"href":"https:\/\/www.ambienteyenergia.gob.ec\/ambiente\/wp-json\/wp\/v2\/media?parent=12575"}],"wp:term":[{"taxonomy":"category","embeddable":true,"href":"https:\/\/www.ambienteyenergia.gob.ec\/ambiente\/wp-json\/wp\/v2\/categories?post=12575"},{"taxonomy":"post_tag","embeddable":true,"href":"https:\/\/www.ambienteyenergia.gob.ec\/ambiente\/wp-json\/wp\/v2\/tags?post=12575"}],"curies":[{"name":"wp","href":"https:\/\/api.w.org\/{rel}","templated":true}]}}