{"id":12569,"date":"2013-06-19T22:01:35","date_gmt":"2013-06-20T03:01:35","guid":{"rendered":"http:\/\/www.ambiente.gob.ec\/?p=12569"},"modified":"2013-06-19T22:41:42","modified_gmt":"2013-06-20T03:41:42","slug":"industrias-con-presuncion-de-contaminacion-al-estero-salado-deben-revisar-el-destino-de-sus-descargas","status":"publish","type":"post","link":"https:\/\/www.ambienteyenergia.gob.ec\/ambiente\/industrias-con-presuncion-de-contaminacion-al-estero-salado-deben-revisar-el-destino-de-sus-descargas\/","title":{"rendered":"Industrias con presunci\u00f3n de contaminaci\u00f3n al Estero Salado deben revisar el destino de sus descargas"},"content":{"rendered":"<p style=\"text-align: justify;\">El Ministerio de Ambiente, en el marco de la ejecuci\u00f3n de las actividades del proyecto \u201cGuayaquil Ecol\u00f3gico \u2013 Componente Estero Salado\u201d, ha evidenciado como una de las causas fundamentales del paulatino deterioro de las condiciones ecol\u00f3gicas del Estero, la contaminaci\u00f3n causada por las descargas directas e indirectas de industrias y residenciales, las cuales afectan al ecosistema y \/o a la salud p\u00fablica.<\/p>\n<p style=\"text-align: justify;\">Gracias a la coordinaci\u00f3n establecida entre el Ministerio del Ambiente y la empresa INTERAGUA, se ha identificado la existencia de 18 cuencas del sistema de alcantarillado pluvial (AALL), las cuales vierten sus efluentes, directa o indirectamente a los diversos ramales del Estero Salado. Estas cuencas de AALL, involucran sectores del norte, centro, sur, suroeste y\u00a0 v\u00eda a la Costa de la ciudad de Guayaquil.<\/p>\n<p style=\"text-align: justify;\">En este contexto, se han identificado a todos los usuarios con actividades empresariales, industriales y comerciales, que operan en el \u00e1rea de las cuencas de AALL que influyen en el Estero. Raz\u00f3n por la cual, esta Cartera de Estado \u00a0comunica de manera general, la disposici\u00f3n dada para que los usuarios mencionados en la siguiente <strong><a href=\"http:\/\/www.ambienteyenergia.gob.ec\/ambiente\/wp-content\/uploads\/downloads\/2013\/06\/Empresas-Identificadas-en-Cuencas-AALL-Estero-Salado.pdf\"><em>Tabla<\/em><\/a>,<\/strong> verifiquen su estatus de conexi\u00f3n al sistema de alcantarillado, as\u00ed como tambi\u00e9n los niveles de contaminaci\u00f3n que registran sus efluentes, en los casos en los que estos drenen directa o indirectamente al Estero o a los ductos y canales de aguas lluvias.<\/p>\n<p style=\"text-align: justify;\">El art. 14 de la Constituci\u00f3n de la Rep\u00fablica del Ecuador en su segundo inciso, declara de inter\u00e9s p\u00fablico la preservaci\u00f3n del ambiente, la conservaci\u00f3n de los ecosistemas, la biodiversidad y la integridad del patrimonio gen\u00e9tico del pa\u00eds, la prevenci\u00f3n del da\u00f1o ambiental <span style=\"text-decoration: underline;\">y la recuperaci\u00f3n de los espacios naturales degradados.<\/span><\/p>\n<p style=\"text-align: justify;\">En\u00a0 tal virtud, esta Cartera de Estado ha emprendido un proceso de inspecciones <em>in situ <\/em>para verificar el cumplimiento de la normativa ambiental vigente, quienes incumplan ser\u00e1n sometidos a los procesos legales pertinentes.<\/p>\n<p style=\"text-align: justify;\"><strong>Legislaci\u00f3n ambiental vigente<\/strong><\/p>\n<ul>\n<li style=\"text-align: justify;\">El proceso se ampara en lo dispuesto en el Art. 396 de la Constituci\u00f3n de la Rep\u00fablica del Ecuador, en el cual establece que, \u201cel Estado adoptar\u00e1 las pol\u00edticas y medidas oportunas que eviten los impactos ambientales negativos, cuando exista certidumbre de da\u00f1o. En caso de duda sobre el impacto ambiental de alguna acci\u00f3n u omisi\u00f3n, aunque no exista evidencia cient\u00edfica del da\u00f1o, el Estado adoptar\u00e1 medidas protectoras eficaces y oportunas\u2026\u2026\u201d<\/li>\n<li style=\"text-align: justify;\">El art. 77 del Texto Unificado de Legislaci\u00f3n Secundaria del Ministerio del Ambiente (TULSMA) manifiesta que <span style=\"text-decoration: underline;\">las instalaciones de los regulados podr\u00e1n ser visitadas en cualquier momento por parte de funcionarios de la entidad ambiental de control o quienes la representen, a fin de tomar muestras de sus emisiones, descargas o vertidos e inspeccionar la infraestructura de control o prevenci\u00f3n existente<\/span>. El regulado debe garantizar una coordinaci\u00f3n interna para atender a las demandas de la entidad ambiental de control en cualquier horario.<\/li>\n<\/ul>\n<p>&nbsp;<\/p>\n","protected":false},"excerpt":{"rendered":"<p class=\"excerpt\">El Ministerio de Ambiente, en el marco de la ejecuci\u00f3n de las actividades del proyecto \u201cGuayaquil Ecol\u00f3gico \u2013 Componente Estero Salado\u201d, ha evidenciado como una de las causas fundamentales del paulatino deterioro de las condiciones ecol\u00f3gicas del Estero, la contaminaci\u00f3n causada por las descargas directas e indirectas de industrias y residenciales, las cuales afectan al ecosistema y \/o a la&hellip; <a href=\"https:\/\/www.ambienteyenergia.gob.ec\/ambiente\/industrias-con-presuncion-de-contaminacion-al-estero-salado-deben-revisar-el-destino-de-sus-descargas\/\">Read more &rarr;<\/a><\/p>\n","protected":false},"author":13,"featured_media":12573,"comment_status":"open","ping_status":"open","sticky":false,"template":"","format":"standard","meta":{"footnotes":""},"categories":[16,4],"tags":[],"class_list":["post-12569","post","type-post","status-publish","format-standard","has-post-thumbnail","hentry","category-comunicamos","category-noticias","xfolkentry"],"_links":{"self":[{"href":"https:\/\/www.ambienteyenergia.gob.ec\/ambiente\/wp-json\/wp\/v2\/posts\/12569","targetHints":{"allow":["GET"]}}],"collection":[{"href":"https:\/\/www.ambienteyenergia.gob.ec\/ambiente\/wp-json\/wp\/v2\/posts"}],"about":[{"href":"https:\/\/www.ambienteyenergia.gob.ec\/ambiente\/wp-json\/wp\/v2\/types\/post"}],"author":[{"embeddable":true,"href":"https:\/\/www.ambienteyenergia.gob.ec\/ambiente\/wp-json\/wp\/v2\/users\/13"}],"replies":[{"embeddable":true,"href":"https:\/\/www.ambienteyenergia.gob.ec\/ambiente\/wp-json\/wp\/v2\/comments?post=12569"}],"version-history":[{"count":0,"href":"https:\/\/www.ambienteyenergia.gob.ec\/ambiente\/wp-json\/wp\/v2\/posts\/12569\/revisions"}],"wp:featuredmedia":[{"embeddable":true,"href":"https:\/\/www.ambienteyenergia.gob.ec\/ambiente\/wp-json\/wp\/v2\/media\/12573"}],"wp:attachment":[{"href":"https:\/\/www.ambienteyenergia.gob.ec\/ambiente\/wp-json\/wp\/v2\/media?parent=12569"}],"wp:term":[{"taxonomy":"category","embeddable":true,"href":"https:\/\/www.ambienteyenergia.gob.ec\/ambiente\/wp-json\/wp\/v2\/categories?post=12569"},{"taxonomy":"post_tag","embeddable":true,"href":"https:\/\/www.ambienteyenergia.gob.ec\/ambiente\/wp-json\/wp\/v2\/tags?post=12569"}],"curies":[{"name":"wp","href":"https:\/\/api.w.org\/{rel}","templated":true}]}}