{"id":12542,"date":"2013-06-18T15:00:30","date_gmt":"2013-06-18T20:00:30","guid":{"rendered":"http:\/\/www.ambiente.gob.ec\/?p=12542"},"modified":"2013-06-18T15:00:30","modified_gmt":"2013-06-18T20:00:30","slug":"taller-internacional-de-capacitacion-en-el-uso-de-imagenes-satelitales-alos","status":"publish","type":"post","link":"https:\/\/www.ambienteyenergia.gob.ec\/ambiente\/taller-internacional-de-capacitacion-en-el-uso-de-imagenes-satelitales-alos\/","title":{"rendered":"Taller internacional de capacitaci\u00f3n en el uso de im\u00e1genes satelitales \u2013 ALOS"},"content":{"rendered":"<p style=\"text-align: justify;\">El Ministerio del Ambiente del Ecuador (MAE), a trav\u00e9s de la Subsecretar\u00eda de Cambio Clim\u00e1tico \u2013 Proyecto de Adaptaci\u00f3n al Impacto del Retroceso Acelerado de Glaciares en los Andes Tropicales (PRAA) y la Secretar\u00eda General de la Comunidad Andina, del 18 al 21 de junio, realizaran el Taller de Capacitaci\u00f3n en el uso de im\u00e1genes satelitales\u00a0 del\u00a0 Advanced Land Observation Satellite (ALOS).<\/p>\n<p>Andr\u00e9s Hubenthal, Director de Adaptaci\u00f3n al Cambio Clim\u00e1tico, dio la bienvenida a alrededor de 25 t\u00e9cnicos de diferentes pa\u00edses que asistieron al evento y resalt\u00f3 la importancia del encuentro para fortalecer el conocimiento de los asistentes en el uso de im\u00e1genes del sat\u00e9lite ALOS en Ecuador. Tecnolog\u00eda que podr\u00e1 ser utilizada para estudios multitemporales del retroceso glaciar y aplicaciones para ordenamiento territorial local.<\/p>\n<p>El objetivo del taller es socializar, generar y fortalecer capacidades en t\u00e9cnicos de los pa\u00edses andinos involucrados con el monitoreo espacial de glaciares y\/o ecosistemas alto andinos y a la vez transmitir conocimientos sobre t\u00e9cnicas de procesamiento de im\u00e1genes satelitales aplicadas al monitoreo de glaciares y p\u00e1ramos.<\/p>\n<p>Los temas que se tratar\u00e1n en el transcurso del taller son\u00a0 introducci\u00f3n a los sensores remotos, especificaciones t\u00e9cnicas\u00a0 y caracter\u00edsticas de los sensores, la adquisici\u00f3n de im\u00e1genes y ajuste radiom\u00e9trico de datos del sat\u00e9lite ALOS.<\/p>\n<p>El Ingeniero Rub\u00e9n Basantes, capacitador del taller, resalt\u00f3 la importancia de tener este tipo de espacios para compartir experiencias t\u00e9cnico-cient\u00edficas\u00a0 con profesionales con inter\u00e9s en la tem\u00e1tica.<\/p>\n<p style=\"text-align: justify;\"><a href=\"http:\/\/www.ambienteyenergia.gob.ec\/ambiente\/wp-content\/uploads\/2013\/06\/foto-42.jpg\"><img loading=\"lazy\" decoding=\"async\" class=\"aligncenter size-full wp-image-12545\" title=\"Taller internacional de capacitaci\u00f3n en el uso de im\u00e1genes satelitales \u2013 ALOS\" src=\"http:\/\/www.ambienteyenergia.gob.ec\/ambiente\/wp-content\/uploads\/2013\/06\/foto-42.jpg\" alt=\"\" width=\"800\" height=\"600\" srcset=\"https:\/\/www.ambienteyenergia.gob.ec\/ambiente\/wp-content\/uploads\/sites\/2\/2013\/06\/foto-42.jpg 800w, https:\/\/www.ambienteyenergia.gob.ec\/ambiente\/wp-content\/uploads\/sites\/2\/2013\/06\/foto-42-300x225.jpg 300w, https:\/\/www.ambienteyenergia.gob.ec\/ambiente\/wp-content\/uploads\/sites\/2\/2013\/06\/foto-42-400x300.jpg 400w\" sizes=\"auto, (max-width: 800px) 100vw, 800px\" \/><\/a><a href=\"http:\/\/www.ambienteyenergia.gob.ec\/ambiente\/wp-content\/uploads\/2013\/06\/foto-1.jpg\"><img loading=\"lazy\" decoding=\"async\" class=\"aligncenter size-full wp-image-12544\" title=\"Taller internacional de capacitaci\u00f3n en el uso de im\u00e1genes satelitales \u2013 ALOS\" src=\"http:\/\/www.ambienteyenergia.gob.ec\/ambiente\/wp-content\/uploads\/2013\/06\/foto-1.jpg\" alt=\"\" width=\"500\" height=\"375\" srcset=\"https:\/\/www.ambienteyenergia.gob.ec\/ambiente\/wp-content\/uploads\/sites\/2\/2013\/06\/foto-1.jpg 500w, https:\/\/www.ambienteyenergia.gob.ec\/ambiente\/wp-content\/uploads\/sites\/2\/2013\/06\/foto-1-300x225.jpg 300w, https:\/\/www.ambienteyenergia.gob.ec\/ambiente\/wp-content\/uploads\/sites\/2\/2013\/06\/foto-1-400x300.jpg 400w\" sizes=\"auto, (max-width: 500px) 100vw, 500px\" \/><\/a><\/p>\n","protected":false},"excerpt":{"rendered":"<p class=\"excerpt\">El Ministerio del Ambiente del Ecuador (MAE), a trav\u00e9s de la Subsecretar\u00eda de Cambio Clim\u00e1tico \u2013 Proyecto de Adaptaci\u00f3n al Impacto del Retroceso Acelerado de Glaciares en los Andes Tropicales (PRAA) y la Secretar\u00eda General de la Comunidad Andina, del 18 al 21 de junio, realizaran el Taller de Capacitaci\u00f3n en el uso de im\u00e1genes satelitales\u00a0 del\u00a0 Advanced Land Observation&hellip; <a href=\"https:\/\/www.ambienteyenergia.gob.ec\/ambiente\/taller-internacional-de-capacitacion-en-el-uso-de-imagenes-satelitales-alos\/\">Read more &rarr;<\/a><\/p>\n","protected":false},"author":13,"featured_media":12543,"comment_status":"open","ping_status":"open","sticky":false,"template":"","format":"standard","meta":{"footnotes":""},"categories":[16,4],"tags":[],"class_list":["post-12542","post","type-post","status-publish","format-standard","has-post-thumbnail","hentry","category-comunicamos","category-noticias","xfolkentry"],"_links":{"self":[{"href":"https:\/\/www.ambienteyenergia.gob.ec\/ambiente\/wp-json\/wp\/v2\/posts\/12542","targetHints":{"allow":["GET"]}}],"collection":[{"href":"https:\/\/www.ambienteyenergia.gob.ec\/ambiente\/wp-json\/wp\/v2\/posts"}],"about":[{"href":"https:\/\/www.ambienteyenergia.gob.ec\/ambiente\/wp-json\/wp\/v2\/types\/post"}],"author":[{"embeddable":true,"href":"https:\/\/www.ambienteyenergia.gob.ec\/ambiente\/wp-json\/wp\/v2\/users\/13"}],"replies":[{"embeddable":true,"href":"https:\/\/www.ambienteyenergia.gob.ec\/ambiente\/wp-json\/wp\/v2\/comments?post=12542"}],"version-history":[{"count":0,"href":"https:\/\/www.ambienteyenergia.gob.ec\/ambiente\/wp-json\/wp\/v2\/posts\/12542\/revisions"}],"wp:featuredmedia":[{"embeddable":true,"href":"https:\/\/www.ambienteyenergia.gob.ec\/ambiente\/wp-json\/wp\/v2\/media\/12543"}],"wp:attachment":[{"href":"https:\/\/www.ambienteyenergia.gob.ec\/ambiente\/wp-json\/wp\/v2\/media?parent=12542"}],"wp:term":[{"taxonomy":"category","embeddable":true,"href":"https:\/\/www.ambienteyenergia.gob.ec\/ambiente\/wp-json\/wp\/v2\/categories?post=12542"},{"taxonomy":"post_tag","embeddable":true,"href":"https:\/\/www.ambienteyenergia.gob.ec\/ambiente\/wp-json\/wp\/v2\/tags?post=12542"}],"curies":[{"name":"wp","href":"https:\/\/api.w.org\/{rel}","templated":true}]}}