{"id":12532,"date":"2013-06-18T13:24:56","date_gmt":"2013-06-18T18:24:56","guid":{"rendered":"http:\/\/www.ambiente.gob.ec\/?p=12532"},"modified":"2013-06-18T13:59:51","modified_gmt":"2013-06-18T18:59:51","slug":"iguana-verde-es-rescatada-en-orellana","status":"publish","type":"post","link":"https:\/\/www.ambienteyenergia.gob.ec\/ambiente\/iguana-verde-es-rescatada-en-orellana\/","title":{"rendered":"Iguana verde es rescatada en Orellana"},"content":{"rendered":"<p style=\"text-align: justify;\">El Ministerio del Ambiente (MAE), en coordinaci\u00f3n con la Unidad de Protecci\u00f3n del Medio Ambiente de la Polic\u00eda Nacional (UPMA), rescat\u00f3 a una Iguana (Iguana iguana) en el barrio Bellavista en el Coca, provincia de Orellana, el pasado 15 de junio.<\/p>\n<p style=\"text-align: justify;\">Tras una llamada telef\u00f3nica de los moradores del sector y t\u00e9cnicos del \u00e1rea de vida silvestre acudieron al lugar para identificar al animal y trasladarlo de inmediato a un centro de rescate.<\/p>\n<p style=\"text-align: justify;\">El reptil, luego de ser examinado, fue ubicado en el Zool\u00f3gico Coca-Zoo, donde se le realizar\u00e1 una revisi\u00f3n m\u00e9dica completa, para determinar su estado de salud. Posterior a esto, se analizar\u00e1 si es conveniente devolverlo a su h\u00e1bitat.<\/p>\n<p style=\"text-align: justify;\">La iguana verde es una especie que puede medir m\u00e1s de dos metros de longitud y pesar hasta 10,5 kg. No son territoriales, a menos que est\u00e9n en \u00e9poca reproductiva. Se alimentan principalmente de hojas, flores y frutos de varias especies de plantas. Cuando es juvenil su dieta se basa en insectos. Estas especies se asolean una buena parte del d\u00eda para regular su temperatura corporal. Es capaz de bucear y nadar con gran facilidad en los cuerpos de agua (r\u00edos, quebradas).<\/p>\n<p style=\"text-align: justify;\">En nuestro pa\u00eds, se distribuye principalmente en la Costa, donde es apetecida por carne y sus huevos, lo cual crea un problema de presi\u00f3n antropol\u00f3gica hacia esta especie.<\/p>\n<p style=\"text-align: justify;\"><strong>El Dato<\/strong><\/p>\n<p style=\"text-align: justify;\">La iguana (Iguana iguana), en el Ecuador est\u00e1 catalogada como una especie en Preocupaci\u00f3n Menor (LC). Tambi\u00e9n est\u00e1 dentro del Ap\u00e9ndice II de la Convenci\u00f3n sobre el Comercio Internacional de Especies Amenazadas de Fauna y Flora Silvestres (CITES).<\/p>\n<div id='gallery-1' class='gallery galleryid-12532 gallery-columns-4 gallery-size-thumbnail'><dl class='gallery-item'>\n\t\t\t<dt class='gallery-icon landscape'>\n\t\t\t\t<a href='https:\/\/www.ambienteyenergia.gob.ec\/ambiente\/iguana-verde-es-rescatada-en-orellana\/iguana\/'><img loading=\"lazy\" decoding=\"async\" width=\"150\" height=\"150\" src=\"https:\/\/www.ambienteyenergia.gob.ec\/ambiente\/wp-content\/uploads\/sites\/2\/2013\/06\/Iguana-150x150.jpg\" class=\"attachment-thumbnail size-thumbnail\" alt=\"\" \/><\/a>\n\t\t\t<\/dt><\/dl><dl class='gallery-item'>\n\t\t\t<dt class='gallery-icon landscape'>\n\t\t\t\t<a href='https:\/\/www.ambienteyenergia.gob.ec\/ambiente\/iguana-verde-es-rescatada-en-orellana\/iguana-zoo\/'><img loading=\"lazy\" decoding=\"async\" width=\"150\" height=\"150\" src=\"https:\/\/www.ambienteyenergia.gob.ec\/ambiente\/wp-content\/uploads\/sites\/2\/2013\/06\/Iguana-Zoo-150x150.jpg\" class=\"attachment-thumbnail size-thumbnail\" alt=\"\" \/><\/a>\n\t\t\t<\/dt><\/dl>\n\t\t\t<br style='clear: both' \/>\n\t\t<\/div>\n\n<p>&nbsp;<\/p>\n","protected":false},"excerpt":{"rendered":"<p class=\"excerpt\">El Ministerio del Ambiente (MAE), en coordinaci\u00f3n con la Unidad de Protecci\u00f3n del Medio Ambiente de la Polic\u00eda Nacional (UPMA), rescat\u00f3 a una Iguana (Iguana iguana) en el barrio Bellavista en el Coca, provincia de Orellana, el pasado 15 de junio. Tras una llamada telef\u00f3nica de los moradores del sector y t\u00e9cnicos del \u00e1rea de vida silvestre acudieron al lugar&hellip; <a href=\"https:\/\/www.ambienteyenergia.gob.ec\/ambiente\/iguana-verde-es-rescatada-en-orellana\/\">Read more &rarr;<\/a><\/p>\n","protected":false},"author":13,"featured_media":12534,"comment_status":"open","ping_status":"open","sticky":false,"template":"","format":"standard","meta":{"footnotes":""},"categories":[16,4],"tags":[],"class_list":["post-12532","post","type-post","status-publish","format-standard","has-post-thumbnail","hentry","category-comunicamos","category-noticias","xfolkentry"],"_links":{"self":[{"href":"https:\/\/www.ambienteyenergia.gob.ec\/ambiente\/wp-json\/wp\/v2\/posts\/12532","targetHints":{"allow":["GET"]}}],"collection":[{"href":"https:\/\/www.ambienteyenergia.gob.ec\/ambiente\/wp-json\/wp\/v2\/posts"}],"about":[{"href":"https:\/\/www.ambienteyenergia.gob.ec\/ambiente\/wp-json\/wp\/v2\/types\/post"}],"author":[{"embeddable":true,"href":"https:\/\/www.ambienteyenergia.gob.ec\/ambiente\/wp-json\/wp\/v2\/users\/13"}],"replies":[{"embeddable":true,"href":"https:\/\/www.ambienteyenergia.gob.ec\/ambiente\/wp-json\/wp\/v2\/comments?post=12532"}],"version-history":[{"count":0,"href":"https:\/\/www.ambienteyenergia.gob.ec\/ambiente\/wp-json\/wp\/v2\/posts\/12532\/revisions"}],"wp:featuredmedia":[{"embeddable":true,"href":"https:\/\/www.ambienteyenergia.gob.ec\/ambiente\/wp-json\/wp\/v2\/media\/12534"}],"wp:attachment":[{"href":"https:\/\/www.ambienteyenergia.gob.ec\/ambiente\/wp-json\/wp\/v2\/media?parent=12532"}],"wp:term":[{"taxonomy":"category","embeddable":true,"href":"https:\/\/www.ambienteyenergia.gob.ec\/ambiente\/wp-json\/wp\/v2\/categories?post=12532"},{"taxonomy":"post_tag","embeddable":true,"href":"https:\/\/www.ambienteyenergia.gob.ec\/ambiente\/wp-json\/wp\/v2\/tags?post=12532"}],"curies":[{"name":"wp","href":"https:\/\/api.w.org\/{rel}","templated":true}]}}