{"id":12518,"date":"2013-06-18T11:18:40","date_gmt":"2013-06-18T16:18:40","guid":{"rendered":"http:\/\/www.ambiente.gob.ec\/?p=12518"},"modified":"2013-06-19T08:32:18","modified_gmt":"2013-06-19T13:32:18","slug":"proyectos-de-desarrollo-en-areas-protegidas-beneficiaran-a-aproximadamente-130-familias","status":"publish","type":"post","link":"https:\/\/www.ambienteyenergia.gob.ec\/ambiente\/proyectos-de-desarrollo-en-areas-protegidas-beneficiaran-a-aproximadamente-130-familias\/","title":{"rendered":"Proyectos de desarrollo en \u00e1reas protegidas beneficiar\u00e1n a aproximadamente 130 familias"},"content":{"rendered":"<p style=\"text-align: justify;\">Ayer, el Proyecto de Sostenibilidad Financiera de \u00c1reas Protegidas (PSF), iniciativa del \u00a0Ministerio del Ambiente (MAE), en coordinaci\u00f3n con el Programa de las Naciones Unidas para el Desarrollo (PNUD) y el Fondo para el Medio Ambiente Mundial (GEF por sus siglas en ingl\u00e9s), realiz\u00f3 el primer taller para la identificaci\u00f3n y construcci\u00f3n de perfiles de proyectos para la Reserva Marina Galera San Francisco, ubicada en Esmeraldas. Esto como parte de las acciones orientadas a mejorar las condiciones de vida de las comunidades asentadas en o alrededor de las \u00e1reas protegidas.<\/p>\n<p style=\"text-align: justify;\">En un proceso ampliamente participativo, al que asistieron l\u00edderes de las comunidades de Quingue, Caimito y Estero de Pl\u00e1tano, se identificaron ideas de proyectos que pueden ser viables para el beneficio de la comunidad, desde el punto de vista de los propios habitantes del sector.<\/p>\n<p style=\"text-align: justify;\">Los proyectos que se implementar\u00e1n son la creaci\u00f3n de huertos comunitarios para la siembra de c\u00edtricos y mangos, actividad con la que se beneficiar\u00edan m\u00e1s de 100 agr\u00f3nomos locales; la adecuaci\u00f3n de un restaurante en Estero de Pl\u00e1tano con la participaci\u00f3n de 30 familias y la construcci\u00f3n de un sendero y un mirador para el avistamiento de ballenas en la comuna de Caimito. El objetivo principal es incrementar la actividad tur\u00edstica en esta zona.<\/p>\n<p style=\"text-align: justify;\">Estas iniciativas ser\u00e1n parte del an\u00e1lisis que se realizar\u00e1 a trav\u00e9s del Mecanismo de Fondos Concursables del PSF, con el fin de financiar utilizando la metodolog\u00eda del Programa de Peque\u00f1as Donaciones del GEF, a proyectos productivos que contribuyan a la sostenibilidad financiera en las \u00e1reas protegidas.<\/p>\n<p style=\"text-align: justify;\">Los talleres adem\u00e1s se realizar\u00e1n en las reservas naturales de Chimborazo, Yasuni y Cuyabeno, para establecer perfiles de proyectos que potencialicen y generen desarrollo sustentable en las localidades.<\/p>\n<p style=\"text-align: justify;\"><a href=\"http:\/\/www.ambienteyenergia.gob.ec\/ambiente\/wp-content\/uploads\/2013\/06\/foto-3.jpg\"><img loading=\"lazy\" decoding=\"async\" class=\"aligncenter size-full wp-image-12523\" title=\"Proyectos de desarrollo en \u00e1reas protegidas beneficiar\u00e1n a aproximadamente 130 familias\" src=\"http:\/\/www.ambienteyenergia.gob.ec\/ambiente\/wp-content\/uploads\/2013\/06\/foto-3.jpg\" alt=\"\" width=\"500\" height=\"322\" srcset=\"https:\/\/www.ambienteyenergia.gob.ec\/ambiente\/wp-content\/uploads\/sites\/2\/2013\/06\/foto-3.jpg 500w, https:\/\/www.ambienteyenergia.gob.ec\/ambiente\/wp-content\/uploads\/sites\/2\/2013\/06\/foto-3-300x193.jpg 300w, https:\/\/www.ambienteyenergia.gob.ec\/ambiente\/wp-content\/uploads\/sites\/2\/2013\/06\/foto-3-465x300.jpg 465w\" sizes=\"auto, (max-width: 500px) 100vw, 500px\" \/><\/a><\/p>\n","protected":false},"excerpt":{"rendered":"<p class=\"excerpt\">Ayer, el Proyecto de Sostenibilidad Financiera de \u00c1reas Protegidas (PSF), iniciativa del \u00a0Ministerio del Ambiente (MAE), en coordinaci\u00f3n con el Programa de las Naciones Unidas para el Desarrollo (PNUD) y el Fondo para el Medio Ambiente Mundial (GEF por sus siglas en ingl\u00e9s), realiz\u00f3 el primer taller para la identificaci\u00f3n y construcci\u00f3n de perfiles de proyectos para la Reserva Marina&hellip; <a href=\"https:\/\/www.ambienteyenergia.gob.ec\/ambiente\/proyectos-de-desarrollo-en-areas-protegidas-beneficiaran-a-aproximadamente-130-familias\/\">Read more &rarr;<\/a><\/p>\n","protected":false},"author":13,"featured_media":12524,"comment_status":"open","ping_status":"open","sticky":false,"template":"","format":"standard","meta":{"footnotes":""},"categories":[16,4],"tags":[],"class_list":["post-12518","post","type-post","status-publish","format-standard","has-post-thumbnail","hentry","category-comunicamos","category-noticias","xfolkentry"],"_links":{"self":[{"href":"https:\/\/www.ambienteyenergia.gob.ec\/ambiente\/wp-json\/wp\/v2\/posts\/12518","targetHints":{"allow":["GET"]}}],"collection":[{"href":"https:\/\/www.ambienteyenergia.gob.ec\/ambiente\/wp-json\/wp\/v2\/posts"}],"about":[{"href":"https:\/\/www.ambienteyenergia.gob.ec\/ambiente\/wp-json\/wp\/v2\/types\/post"}],"author":[{"embeddable":true,"href":"https:\/\/www.ambienteyenergia.gob.ec\/ambiente\/wp-json\/wp\/v2\/users\/13"}],"replies":[{"embeddable":true,"href":"https:\/\/www.ambienteyenergia.gob.ec\/ambiente\/wp-json\/wp\/v2\/comments?post=12518"}],"version-history":[{"count":0,"href":"https:\/\/www.ambienteyenergia.gob.ec\/ambiente\/wp-json\/wp\/v2\/posts\/12518\/revisions"}],"wp:featuredmedia":[{"embeddable":true,"href":"https:\/\/www.ambienteyenergia.gob.ec\/ambiente\/wp-json\/wp\/v2\/media\/12524"}],"wp:attachment":[{"href":"https:\/\/www.ambienteyenergia.gob.ec\/ambiente\/wp-json\/wp\/v2\/media?parent=12518"}],"wp:term":[{"taxonomy":"category","embeddable":true,"href":"https:\/\/www.ambienteyenergia.gob.ec\/ambiente\/wp-json\/wp\/v2\/categories?post=12518"},{"taxonomy":"post_tag","embeddable":true,"href":"https:\/\/www.ambienteyenergia.gob.ec\/ambiente\/wp-json\/wp\/v2\/tags?post=12518"}],"curies":[{"name":"wp","href":"https:\/\/api.w.org\/{rel}","templated":true}]}}