{"id":12514,"date":"2013-06-18T11:08:48","date_gmt":"2013-06-18T16:08:48","guid":{"rendered":"http:\/\/www.ambiente.gob.ec\/?p=12514"},"modified":"2013-06-18T11:08:48","modified_gmt":"2013-06-18T16:08:48","slug":"mae-conciencia-sobre-manejo-de-albatros-de-galapagos-en-manabi","status":"publish","type":"post","link":"https:\/\/www.ambienteyenergia.gob.ec\/ambiente\/mae-conciencia-sobre-manejo-de-albatros-de-galapagos-en-manabi\/","title":{"rendered":"MAE conciencia sobre manejo de Albatros  de Gal\u00e1pagos, en Manab\u00ed"},"content":{"rendered":"<p style=\"text-align: justify;\">Con el objetivo de concienciar a los servidores tur\u00edsticos y a trav\u00e9s de ellos a los turistas que cada d\u00eda visitan la Isla de la Plata (Puerto L\u00f3pez), funcionarios del Parque Nacional Machalilla (PNM), impartir\u00e1n hoy un taller sobre el manejo adecuado de Albatros. En este evento, que se realizar\u00e1 a partir de las 17:00,\u00a0 en las instalaciones de la entidad, se \u00a0informar\u00e1 sobre las actividades que el Ministerio del Ambiente (MAE)\u00a0 ejecuta en pro de la conservaci\u00f3n de esta especie.<\/p>\n<p style=\"text-align: justify;\">Seg\u00fan Juan Manuel Cisneros responsable del PNM, uno de los sitios tur\u00edsticos m\u00e1s visitado en estas temporada es la\u00a0 Isla de la Plata, una de las zonas donde existe la mayor anidaci\u00f3n de aves marinas. Entre las m\u00e1s importantes, est\u00e1 el Albatro de Gal\u00e1pagos (<em>Phoebastria irrorata<\/em>). Este especie anida \u00fanicamente en las Islas Espa\u00f1ola del Parque Nacional Gal\u00e1pagos y en la Isla de La Plata.<\/p>\n<p style=\"text-align: justify;\">El funcionario, destac\u00f3 que \u00a0poblaci\u00f3n de esta ave ha sufrido una disminuci\u00f3n en las \u00faltimas d\u00e9cadas debido a factores como la interacci\u00f3n con pesquer\u00edas, la pesca incidental de palangre en la costa continental, las especies introducidas y la p\u00e9rdida de sitios de anidamiento por el aumento de vegetaci\u00f3n y del turismo.<\/p>\n<p style=\"text-align: justify;\">Esta Cartera de Estado est\u00e1 adherida a la Convenci\u00f3n Sobre la Conservaci\u00f3n de las Especies Migratorias de Animales Silvestres, es signatario del Acuerdo sobre Conservaci\u00f3n de Albatros y Petreles cuyo objetivo es mantener un estado de conservaci\u00f3n favorable para esos animales, y aplicar medidas de protecci\u00f3n de la especie. Por esas raz\u00f3n, desde el 2012, el Parque Nacional Machalilla, ha aplicado importantes estrategias para el manejo y conservaci\u00f3n de esta especie.<\/p>\n<p style=\"text-align: justify;\">\u00a0<a href=\"http:\/\/www.ambienteyenergia.gob.ec\/ambiente\/wp-content\/uploads\/2013\/06\/ballena-y-albatros-072-640x427.jpg\"><img loading=\"lazy\" decoding=\"async\" class=\"aligncenter size-full wp-image-12516\" title=\"ballena y albatros \" src=\"http:\/\/www.ambienteyenergia.gob.ec\/ambiente\/wp-content\/uploads\/2013\/06\/ballena-y-albatros-072-640x427.jpg\" alt=\"\" width=\"640\" height=\"427\" srcset=\"https:\/\/www.ambienteyenergia.gob.ec\/ambiente\/wp-content\/uploads\/sites\/2\/2013\/06\/ballena-y-albatros-072-640x427.jpg 640w, https:\/\/www.ambienteyenergia.gob.ec\/ambiente\/wp-content\/uploads\/sites\/2\/2013\/06\/ballena-y-albatros-072-640x427-300x200.jpg 300w, https:\/\/www.ambienteyenergia.gob.ec\/ambiente\/wp-content\/uploads\/sites\/2\/2013\/06\/ballena-y-albatros-072-640x427-449x300.jpg 449w\" sizes=\"auto, (max-width: 640px) 100vw, 640px\" \/><\/a><\/p>\n","protected":false},"excerpt":{"rendered":"<p class=\"excerpt\">Con el objetivo de concienciar a los servidores tur\u00edsticos y a trav\u00e9s de ellos a los turistas que cada d\u00eda visitan la Isla de la Plata (Puerto L\u00f3pez), funcionarios del Parque Nacional Machalilla (PNM), impartir\u00e1n hoy un taller sobre el manejo adecuado de Albatros. En este evento, que se realizar\u00e1 a partir de las 17:00,\u00a0 en las instalaciones de la&hellip; <a href=\"https:\/\/www.ambienteyenergia.gob.ec\/ambiente\/mae-conciencia-sobre-manejo-de-albatros-de-galapagos-en-manabi\/\">Read more &rarr;<\/a><\/p>\n","protected":false},"author":13,"featured_media":12515,"comment_status":"open","ping_status":"open","sticky":false,"template":"","format":"standard","meta":{"footnotes":""},"categories":[16,4],"tags":[],"class_list":["post-12514","post","type-post","status-publish","format-standard","has-post-thumbnail","hentry","category-comunicamos","category-noticias","xfolkentry"],"_links":{"self":[{"href":"https:\/\/www.ambienteyenergia.gob.ec\/ambiente\/wp-json\/wp\/v2\/posts\/12514","targetHints":{"allow":["GET"]}}],"collection":[{"href":"https:\/\/www.ambienteyenergia.gob.ec\/ambiente\/wp-json\/wp\/v2\/posts"}],"about":[{"href":"https:\/\/www.ambienteyenergia.gob.ec\/ambiente\/wp-json\/wp\/v2\/types\/post"}],"author":[{"embeddable":true,"href":"https:\/\/www.ambienteyenergia.gob.ec\/ambiente\/wp-json\/wp\/v2\/users\/13"}],"replies":[{"embeddable":true,"href":"https:\/\/www.ambienteyenergia.gob.ec\/ambiente\/wp-json\/wp\/v2\/comments?post=12514"}],"version-history":[{"count":0,"href":"https:\/\/www.ambienteyenergia.gob.ec\/ambiente\/wp-json\/wp\/v2\/posts\/12514\/revisions"}],"wp:featuredmedia":[{"embeddable":true,"href":"https:\/\/www.ambienteyenergia.gob.ec\/ambiente\/wp-json\/wp\/v2\/media\/12515"}],"wp:attachment":[{"href":"https:\/\/www.ambienteyenergia.gob.ec\/ambiente\/wp-json\/wp\/v2\/media?parent=12514"}],"wp:term":[{"taxonomy":"category","embeddable":true,"href":"https:\/\/www.ambienteyenergia.gob.ec\/ambiente\/wp-json\/wp\/v2\/categories?post=12514"},{"taxonomy":"post_tag","embeddable":true,"href":"https:\/\/www.ambienteyenergia.gob.ec\/ambiente\/wp-json\/wp\/v2\/tags?post=12514"}],"curies":[{"name":"wp","href":"https:\/\/api.w.org\/{rel}","templated":true}]}}