{"id":12511,"date":"2013-06-18T11:03:36","date_gmt":"2013-06-18T16:03:36","guid":{"rendered":"http:\/\/www.ambiente.gob.ec\/?p=12511"},"modified":"2013-06-18T12:41:52","modified_gmt":"2013-06-18T17:41:52","slug":"mae-elimino-pago-por-inscripcion-de-fichas-estudios-y-licencias-ambientales","status":"publish","type":"post","link":"https:\/\/www.ambienteyenergia.gob.ec\/ambiente\/mae-elimino-pago-por-inscripcion-de-fichas-estudios-y-licencias-ambientales\/","title":{"rendered":"MAE elimin\u00f3 pago por inscripci\u00f3n de Fichas, Estudios y Licencias ambientales"},"content":{"rendered":"<p style=\"text-align: justify;\">Desde el pasado 6 de junio, la inscripci\u00f3n de Estudios de Impacto Ambiental y Licencias Ambientales, en el\u00a0 Registro Nacional de Fichas y Licencias Ambientales, que emiten las instituciones acreditadas ante el Sistema \u00danico de Manejo Ambiental (SUMA) para su aprobaci\u00f3n, \u00a0no tienen valor de cobro. El Ministerio del Ambiente (MAE) elimin\u00f3 el pago de esos servicios con base en las atribuciones establecidas Legislaci\u00f3n actual.<\/p>\n<p style=\"text-align: justify;\">Hace 8 a\u00f1os, se estructur\u00f3 el Acuerdo Ministerial No. 122 de 03 de enero de 2005 \u00a0de acuerdo con la Ley para la Promoci\u00f3n de la Inversi\u00f3n y la Participaci\u00f3n Ciudadana, que faculta a las instituciones del Estado a establecer el pago por servicios prestados. Sin embargo, tras un informe T\u00e9cnico y Financiero realizado por la Subsecretar\u00eda de Calidad Ambiental se determin\u00f3 eliminar el valor econ\u00f3mico de dichos documentos.<\/p>\n<p style=\"text-align: justify;\">En concordancia con el numeral 1 del Art. 154 de la Constituci\u00f3n de la Rep\u00fablica del Ecuador, el Art. 17 del estatuto de R\u00e9gimen Jur\u00eddico Administrativo de la Funci\u00f3n Ejecutiva; y lo establecido en el Art. 48 del Libro VI del Texto Unificado de Legislaci\u00f3n Secundaria, esta Cartera de Estado derog\u00f3 el Acuerdo Ministerial No. 122 de 03 de enero de 2005, mediante el <a href=\"http:\/\/www.ambienteyenergia.gob.ec\/ambiente\/wp-content\/uploads\/downloads\/2013\/06\/Acuerdo-Ministerial.pdf\">Acuerdo Ministerial No. 061<\/a> de 06 de junio de 2013, ahora vigente.<\/p>\n<p style=\"text-align: justify;\">\n","protected":false},"excerpt":{"rendered":"<p class=\"excerpt\">Desde el pasado 6 de junio, la inscripci\u00f3n de Estudios de Impacto Ambiental y Licencias Ambientales, en el\u00a0 Registro Nacional de Fichas y Licencias Ambientales, que emiten las instituciones acreditadas ante el Sistema \u00danico de Manejo Ambiental (SUMA) para su aprobaci\u00f3n, \u00a0no tienen valor de cobro. El Ministerio del Ambiente (MAE) elimin\u00f3 el pago de esos servicios con base en&hellip; <a href=\"https:\/\/www.ambienteyenergia.gob.ec\/ambiente\/mae-elimino-pago-por-inscripcion-de-fichas-estudios-y-licencias-ambientales\/\">Read more &rarr;<\/a><\/p>\n","protected":false},"author":13,"featured_media":12512,"comment_status":"open","ping_status":"open","sticky":false,"template":"","format":"standard","meta":{"footnotes":""},"categories":[16,4],"tags":[],"class_list":["post-12511","post","type-post","status-publish","format-standard","has-post-thumbnail","hentry","category-comunicamos","category-noticias","xfolkentry"],"_links":{"self":[{"href":"https:\/\/www.ambienteyenergia.gob.ec\/ambiente\/wp-json\/wp\/v2\/posts\/12511","targetHints":{"allow":["GET"]}}],"collection":[{"href":"https:\/\/www.ambienteyenergia.gob.ec\/ambiente\/wp-json\/wp\/v2\/posts"}],"about":[{"href":"https:\/\/www.ambienteyenergia.gob.ec\/ambiente\/wp-json\/wp\/v2\/types\/post"}],"author":[{"embeddable":true,"href":"https:\/\/www.ambienteyenergia.gob.ec\/ambiente\/wp-json\/wp\/v2\/users\/13"}],"replies":[{"embeddable":true,"href":"https:\/\/www.ambienteyenergia.gob.ec\/ambiente\/wp-json\/wp\/v2\/comments?post=12511"}],"version-history":[{"count":0,"href":"https:\/\/www.ambienteyenergia.gob.ec\/ambiente\/wp-json\/wp\/v2\/posts\/12511\/revisions"}],"wp:featuredmedia":[{"embeddable":true,"href":"https:\/\/www.ambienteyenergia.gob.ec\/ambiente\/wp-json\/wp\/v2\/media\/12512"}],"wp:attachment":[{"href":"https:\/\/www.ambienteyenergia.gob.ec\/ambiente\/wp-json\/wp\/v2\/media?parent=12511"}],"wp:term":[{"taxonomy":"category","embeddable":true,"href":"https:\/\/www.ambienteyenergia.gob.ec\/ambiente\/wp-json\/wp\/v2\/categories?post=12511"},{"taxonomy":"post_tag","embeddable":true,"href":"https:\/\/www.ambienteyenergia.gob.ec\/ambiente\/wp-json\/wp\/v2\/tags?post=12511"}],"curies":[{"name":"wp","href":"https:\/\/api.w.org\/{rel}","templated":true}]}}