{"id":12506,"date":"2013-06-18T09:36:17","date_gmt":"2013-06-18T14:36:17","guid":{"rendered":"http:\/\/www.ambiente.gob.ec\/?p=12506"},"modified":"2013-06-18T09:36:17","modified_gmt":"2013-06-18T14:36:17","slug":"mae-se-prepara-para-participar-en-consejo-del-fondo-mundial-para-el-medio-ambiente","status":"publish","type":"post","link":"https:\/\/www.ambienteyenergia.gob.ec\/ambiente\/mae-se-prepara-para-participar-en-consejo-del-fondo-mundial-para-el-medio-ambiente\/","title":{"rendered":"MAE se prepara para participar en  Consejo del Fondo Mundial para el Medio Ambiente"},"content":{"rendered":"<p style=\"text-align: justify;\">El Ministerio del Ambiente (MAE) particip\u00f3 ayer, en la reuni\u00f3n preparatoria de Am\u00e9rica Latina y el Caribe, que se desarroll\u00f3 en la sede la Embajada Uruguaya, previo al Consejo del Fondo Mundial para el Medio Ambiente, que inicia hoy hasta el 20 de junio, en Washington. En la asamblea se expuso la posici\u00f3n sudamericana y caribe\u00f1a sobre la necesidad de contar con recursos nuevos en lo que respecta a qu\u00edmicos (tratados en los convenios de Estocolmo y Minamata) y al fortalecimiento de las \u00e1reas focales de cambio clim\u00e1tico y desertificaci\u00f3n, en la sexta reposici\u00f3n del Fondo.<\/p>\n<p style=\"text-align: justify;\">La delegaci\u00f3n ecuatoriana, encabezada por la Viceministra del Ambiente, M\u00f3nica Hidalgo, enfatiz\u00f3 en el cumplimiento de las decisiones estipuladas en las conferencias de las partes y solicit\u00f3 se considere una ventana de financiamiento espec\u00edfica para la implementaci\u00f3n del Protocolo de Nagoya, que se refiere al acceso de los recursos gen\u00e9ticos.<\/p>\n<p style=\"text-align: justify;\">Asimismo, en coordinaci\u00f3n con Brasil y Colombia, se inst\u00f3 a que en el texto de decisi\u00f3n sobre el convenio de Minamata (Mercurio) se cuente con, al menos, $ 10 millones para el inicio de informes y estudios nacionales, antes del proceso de ratificaci\u00f3n del acuerdo.<\/p>\n<p>Finalmente, el Ecuador reafirm\u00f3 su compromiso con la Rep\u00fablica de Uruguay, para apoyar en el proceso de negociaci\u00f3n de la sexta reposici\u00f3n del Fondo Mundial para el Medio Ambiente y felicit\u00f3 a Per\u00fa por su designaci\u00f3n como sede de la pr\u00f3xima COP de Cambio Clim\u00e1tico.<\/p>\n","protected":false},"excerpt":{"rendered":"<p class=\"excerpt\">El Ministerio del Ambiente (MAE) particip\u00f3 ayer, en la reuni\u00f3n preparatoria de Am\u00e9rica Latina y el Caribe, que se desarroll\u00f3 en la sede la Embajada Uruguaya, previo al Consejo del Fondo Mundial para el Medio Ambiente, que inicia hoy hasta el 20 de junio, en Washington. En la asamblea se expuso la posici\u00f3n sudamericana y caribe\u00f1a sobre la necesidad de&hellip; <a href=\"https:\/\/www.ambienteyenergia.gob.ec\/ambiente\/mae-se-prepara-para-participar-en-consejo-del-fondo-mundial-para-el-medio-ambiente\/\">Read more &rarr;<\/a><\/p>\n","protected":false},"author":13,"featured_media":12507,"comment_status":"open","ping_status":"open","sticky":false,"template":"","format":"standard","meta":{"footnotes":""},"categories":[16,4],"tags":[48,108,53,54],"class_list":["post-12506","post","type-post","status-publish","format-standard","has-post-thumbnail","hentry","category-comunicamos","category-noticias","tag-ecuador","tag-lorena-tapia","tag-mae","tag-ministerio-del-ambiente","xfolkentry"],"_links":{"self":[{"href":"https:\/\/www.ambienteyenergia.gob.ec\/ambiente\/wp-json\/wp\/v2\/posts\/12506","targetHints":{"allow":["GET"]}}],"collection":[{"href":"https:\/\/www.ambienteyenergia.gob.ec\/ambiente\/wp-json\/wp\/v2\/posts"}],"about":[{"href":"https:\/\/www.ambienteyenergia.gob.ec\/ambiente\/wp-json\/wp\/v2\/types\/post"}],"author":[{"embeddable":true,"href":"https:\/\/www.ambienteyenergia.gob.ec\/ambiente\/wp-json\/wp\/v2\/users\/13"}],"replies":[{"embeddable":true,"href":"https:\/\/www.ambienteyenergia.gob.ec\/ambiente\/wp-json\/wp\/v2\/comments?post=12506"}],"version-history":[{"count":0,"href":"https:\/\/www.ambienteyenergia.gob.ec\/ambiente\/wp-json\/wp\/v2\/posts\/12506\/revisions"}],"wp:featuredmedia":[{"embeddable":true,"href":"https:\/\/www.ambienteyenergia.gob.ec\/ambiente\/wp-json\/wp\/v2\/media\/12507"}],"wp:attachment":[{"href":"https:\/\/www.ambienteyenergia.gob.ec\/ambiente\/wp-json\/wp\/v2\/media?parent=12506"}],"wp:term":[{"taxonomy":"category","embeddable":true,"href":"https:\/\/www.ambienteyenergia.gob.ec\/ambiente\/wp-json\/wp\/v2\/categories?post=12506"},{"taxonomy":"post_tag","embeddable":true,"href":"https:\/\/www.ambienteyenergia.gob.ec\/ambiente\/wp-json\/wp\/v2\/tags?post=12506"}],"curies":[{"name":"wp","href":"https:\/\/api.w.org\/{rel}","templated":true}]}}