{"id":12500,"date":"2013-06-18T08:35:12","date_gmt":"2013-06-18T13:35:12","guid":{"rendered":"http:\/\/www.ambiente.gob.ec\/?p=12500"},"modified":"2013-06-18T08:35:12","modified_gmt":"2013-06-18T13:35:12","slug":"inicio-ciclo-de-talleres-de-intercambio-y-analisis-productivo-para-redd-en-ecuador","status":"publish","type":"post","link":"https:\/\/www.ambienteyenergia.gob.ec\/ambiente\/inicio-ciclo-de-talleres-de-intercambio-y-analisis-productivo-para-redd-en-ecuador\/","title":{"rendered":"Inici\u00f3 ciclo de talleres de intercambio y an\u00e1lisis productivo para REDD+ en Ecuador"},"content":{"rendered":"<p style=\"text-align: justify;\">El Ministerio del Ambiente del Ecuador (MAE), en coordinaci\u00f3n con el Programa de las Naciones Unidas para la Reducci\u00f3n de Emisiones por Deforestaci\u00f3n y Degradaci\u00f3n de bosques (ONU-REDD), inici\u00f3 desde el pasado lunes 10 de junio, un ciclo de talleres para el intercambio y an\u00e1lisis productivo, con el fin de generar insumos para la definici\u00f3n del mecanismo REDD+. Los talleres se realizar\u00e1n en diez provincias del Ecuador. Estas reuniones forman parte de la \u201cFase Preparatoria\u201d en la que se encuentra el pa\u00eds para la implementaci\u00f3n de un mecanismo REDD+ de alta calidad.<\/p>\n<p style=\"text-align: justify;\">Estos talleres buscan levantar informaci\u00f3n socio-econ\u00f3mica y productiva de los diferentes usos de suelo, incluyendo la identificaci\u00f3n de beneficios m\u00faltiples y externalidades tanto de los usos del suelo como de las potenciales actividades REDD+ en cada provincia. En este sentido, se promover\u00e1 la reducci\u00f3n de la deforestaci\u00f3n y degradaci\u00f3n de bosques a nivel provincial. El procesamiento de toda esta informaci\u00f3n se constituir\u00e1 en un insumo importante para la preparaci\u00f3n de un Programa de proyectos productivos REDD+ que ser\u00e1 impulsado por el MAE.<\/p>\n<p style=\"text-align: justify;\">Daniel Leguia, economista ambiental del Programa ONU-REDD, se\u00f1al\u00f3 que esta clase de estudios brindar\u00e1n al pa\u00eds <em>\u201cun conjunto de informaci\u00f3n econ\u00f3mica relevante, desde un an\u00e1lisis costo-beneficio, a fin de que \u00e9sta contribuya,\u00a0 desde una perspectiva social nacional, a la ingenier\u00eda e implementaci\u00f3n de REDD+ en el Ecuador, as\u00ed como a la identificaci\u00f3n y definici\u00f3n de pol\u00edticas e instrumentos que la sustenten\u201d.<\/em><\/p>\n<p style=\"text-align: justify;\">Las provincias en donde se realizar\u00e1 el levantamiento de informaci\u00f3n de campo son Sucumbios, Orellana, Napo, Pastaza, Morona Santiago, Loja, Esmeraldas y Manab\u00ed. Adicionalmente, se ha incluido a la ciudad de Ba\u00f1os, por contar con una importante extensi\u00f3n de bosque h\u00famedo.<\/p>\n<p>&nbsp;<\/p>\n<p>&nbsp;<\/p>\n","protected":false},"excerpt":{"rendered":"<p class=\"excerpt\">El Ministerio del Ambiente del Ecuador (MAE), en coordinaci\u00f3n con el Programa de las Naciones Unidas para la Reducci\u00f3n de Emisiones por Deforestaci\u00f3n y Degradaci\u00f3n de bosques (ONU-REDD), inici\u00f3 desde el pasado lunes 10 de junio, un ciclo de talleres para el intercambio y an\u00e1lisis productivo, con el fin de generar insumos para la definici\u00f3n del mecanismo REDD+. Los talleres&hellip; <a href=\"https:\/\/www.ambienteyenergia.gob.ec\/ambiente\/inicio-ciclo-de-talleres-de-intercambio-y-analisis-productivo-para-redd-en-ecuador\/\">Read more &rarr;<\/a><\/p>\n","protected":false},"author":13,"featured_media":12501,"comment_status":"open","ping_status":"open","sticky":false,"template":"","format":"standard","meta":{"footnotes":""},"categories":[16,4],"tags":[],"class_list":["post-12500","post","type-post","status-publish","format-standard","has-post-thumbnail","hentry","category-comunicamos","category-noticias","xfolkentry"],"_links":{"self":[{"href":"https:\/\/www.ambienteyenergia.gob.ec\/ambiente\/wp-json\/wp\/v2\/posts\/12500","targetHints":{"allow":["GET"]}}],"collection":[{"href":"https:\/\/www.ambienteyenergia.gob.ec\/ambiente\/wp-json\/wp\/v2\/posts"}],"about":[{"href":"https:\/\/www.ambienteyenergia.gob.ec\/ambiente\/wp-json\/wp\/v2\/types\/post"}],"author":[{"embeddable":true,"href":"https:\/\/www.ambienteyenergia.gob.ec\/ambiente\/wp-json\/wp\/v2\/users\/13"}],"replies":[{"embeddable":true,"href":"https:\/\/www.ambienteyenergia.gob.ec\/ambiente\/wp-json\/wp\/v2\/comments?post=12500"}],"version-history":[{"count":0,"href":"https:\/\/www.ambienteyenergia.gob.ec\/ambiente\/wp-json\/wp\/v2\/posts\/12500\/revisions"}],"wp:featuredmedia":[{"embeddable":true,"href":"https:\/\/www.ambienteyenergia.gob.ec\/ambiente\/wp-json\/wp\/v2\/media\/12501"}],"wp:attachment":[{"href":"https:\/\/www.ambienteyenergia.gob.ec\/ambiente\/wp-json\/wp\/v2\/media?parent=12500"}],"wp:term":[{"taxonomy":"category","embeddable":true,"href":"https:\/\/www.ambienteyenergia.gob.ec\/ambiente\/wp-json\/wp\/v2\/categories?post=12500"},{"taxonomy":"post_tag","embeddable":true,"href":"https:\/\/www.ambienteyenergia.gob.ec\/ambiente\/wp-json\/wp\/v2\/tags?post=12500"}],"curies":[{"name":"wp","href":"https:\/\/api.w.org\/{rel}","templated":true}]}}