{"id":12490,"date":"2013-06-17T16:49:53","date_gmt":"2013-06-17T21:49:53","guid":{"rendered":"http:\/\/www.ambiente.gob.ec\/?p=12490"},"modified":"2013-06-17T16:49:53","modified_gmt":"2013-06-17T21:49:53","slug":"mae-realizo-la-v-limpieza-de-fondos-marinos-en-la-reserva-marina-el-pelado","status":"publish","type":"post","link":"https:\/\/www.ambienteyenergia.gob.ec\/ambiente\/mae-realizo-la-v-limpieza-de-fondos-marinos-en-la-reserva-marina-el-pelado\/","title":{"rendered":"MAE realiz\u00f3 la V Limpieza de Fondos Marinos en la Reserva Marina El Pelado"},"content":{"rendered":"<p style=\"text-align: justify;\">El Ministerio del Ambiente (MAE), a trav\u00e9s de la Subsecretar\u00eda de Gesti\u00f3n Marina y Costera (SGMC), el pasado 15 de junio, organiz\u00f3 la V Limpieza de Fondos Marinos, retirando alrededor de 35 kilos de basura de las aguas de la Reserva Marina El Pelado, en Ayangue, provincia de Santa Elena. El objetivo fue extraer la basura que se encontraba en el fondo del mar, contamin\u00e1ndolo y causando la muerte de las especies que ah\u00ed habitan.<\/p>\n<p style=\"text-align: justify;\">En esta iniciativa, participaron 30 buzos equipados con tijeras, cuchillos, sierras, chayos y sacos de yute para sacar la basura que principalmente son redes, hilos de nylon, botellas pl\u00e1sticas, cabos, esponja y caucho, en los cuales quedan atrapadas las especies como cangrejos, peces, caballitos de mar y corales, entre otras.<\/p>\n<p style=\"text-align: justify;\">\u201cEs terrible encontrar las especies agonizando o muertas entre redes, hoy (s\u00e1bado) por ejemplo, logramos liberar a un cangrejo\u201d, expres\u00f3 Lincy Coello, buzo voluntaria, tras su primera experiencia en la limpieza.<\/p>\n<p style=\"text-align: justify;\">Esta contaminaci\u00f3n corta el ciclo de vida de cientos o tal vez miles de especies, disminuyendo la producci\u00f3n natural, pero tambi\u00e9n van reduciendo el atractivo de esta reserva que es visitada por cientos de turistas que gustan del buceo o snorkel para observar las profundidades marinas.<\/p>\n<p style=\"text-align: justify;\">\u201cEl mar para ellos (lugare\u00f1os) debe ser su casa y cuando uno recibe visitas en su casa procura que todo est\u00e9 limpio, arreglado, es lo mismo que deben hacer con esta playa y su mar que es un importante destino tur\u00edstico\u201d, enfatiz\u00f3 Coello.<\/p>\n<p style=\"text-align: justify;\">En tierra, el equipo de educaci\u00f3n ambiental de la SGMC y del Programa de Educaci\u00f3n Ambiental Marino Costera y Fluvial (Peamco), realiz\u00f3 actividades l\u00fadicas con los hijos de los pescadores, ense\u00f1\u00e1ndoles a realizar manualidades a base de los desperdicios que recolectaron de la playa.<\/p>\n<p style=\"text-align: justify;\">Nelson Zambrano, titular de la SGMC, explic\u00f3 que es beneficioso incluir a la comunidad en estas jornadas de limpieza, porque as\u00ed todos toman conciencia de su protecci\u00f3n.<\/p>\n<p style=\"text-align: justify;\"><strong>El dato<\/strong><\/p>\n<p style=\"text-align: justify;\">Anualmente se realizan limpiezas de fondos marinos en las reservas del perfil costero, aportando a la protecci\u00f3n y conservaci\u00f3n de las especies que ah\u00ed habitan. La pr\u00f3xima limpieza ser\u00e1 en la Reserva de Producci\u00f3n Faun\u00edstica Marino Costera Puntilla de Santa Elena (Remacopse), en Salinas.<\/p>\n<div id='gallery-1' class='gallery galleryid-12490 gallery-columns-4 gallery-size-thumbnail'><dl class='gallery-item'>\n\t\t\t<dt class='gallery-icon landscape'>\n\t\t\t\t<a href='https:\/\/www.ambienteyenergia.gob.ec\/ambiente\/mae-realizo-la-v-limpieza-de-fondos-marinos-en-la-reserva-marina-el-pelado\/buzo-1\/'><img loading=\"lazy\" decoding=\"async\" width=\"150\" height=\"150\" src=\"https:\/\/www.ambienteyenergia.gob.ec\/ambiente\/wp-content\/uploads\/sites\/2\/2013\/06\/buzo-1-150x150.jpg\" class=\"attachment-thumbnail size-thumbnail\" alt=\"\" \/><\/a>\n\t\t\t<\/dt><\/dl><dl class='gallery-item'>\n\t\t\t<dt class='gallery-icon landscape'>\n\t\t\t\t<a href='https:\/\/www.ambienteyenergia.gob.ec\/ambiente\/mae-realizo-la-v-limpieza-de-fondos-marinos-en-la-reserva-marina-el-pelado\/buzo-2\/'><img loading=\"lazy\" decoding=\"async\" width=\"150\" height=\"150\" src=\"https:\/\/www.ambienteyenergia.gob.ec\/ambiente\/wp-content\/uploads\/sites\/2\/2013\/06\/buzo-2-150x150.jpg\" class=\"attachment-thumbnail size-thumbnail\" alt=\"\" \/><\/a>\n\t\t\t<\/dt><\/dl><dl class='gallery-item'>\n\t\t\t<dt class='gallery-icon portrait'>\n\t\t\t\t<a href='https:\/\/www.ambienteyenergia.gob.ec\/ambiente\/mae-realizo-la-v-limpieza-de-fondos-marinos-en-la-reserva-marina-el-pelado\/buzo-3\/'><img loading=\"lazy\" decoding=\"async\" width=\"150\" height=\"150\" src=\"https:\/\/www.ambienteyenergia.gob.ec\/ambiente\/wp-content\/uploads\/sites\/2\/2013\/06\/buzo-3-150x150.jpg\" class=\"attachment-thumbnail size-thumbnail\" alt=\"\" \/><\/a>\n\t\t\t<\/dt><\/dl><dl class='gallery-item'>\n\t\t\t<dt class='gallery-icon landscape'>\n\t\t\t\t<a href='https:\/\/www.ambienteyenergia.gob.ec\/ambiente\/mae-realizo-la-v-limpieza-de-fondos-marinos-en-la-reserva-marina-el-pelado\/buzo-5\/'><img loading=\"lazy\" decoding=\"async\" width=\"150\" height=\"150\" src=\"https:\/\/www.ambienteyenergia.gob.ec\/ambiente\/wp-content\/uploads\/sites\/2\/2013\/06\/buzo-5-150x150.jpg\" class=\"attachment-thumbnail size-thumbnail\" alt=\"\" \/><\/a>\n\t\t\t<\/dt><\/dl><br style=\"clear: both\" \/><dl class='gallery-item'>\n\t\t\t<dt class='gallery-icon landscape'>\n\t\t\t\t<a href='https:\/\/www.ambienteyenergia.gob.ec\/ambiente\/mae-realizo-la-v-limpieza-de-fondos-marinos-en-la-reserva-marina-el-pelado\/buzo-4\/'><img loading=\"lazy\" decoding=\"async\" width=\"150\" height=\"150\" src=\"https:\/\/www.ambienteyenergia.gob.ec\/ambiente\/wp-content\/uploads\/sites\/2\/2013\/06\/buzo-4-150x150.jpg\" class=\"attachment-thumbnail size-thumbnail\" alt=\"\" \/><\/a>\n\t\t\t<\/dt><\/dl>\n\t\t\t<br style='clear: both' \/>\n\t\t<\/div>\n\n","protected":false},"excerpt":{"rendered":"<p class=\"excerpt\">El Ministerio del Ambiente (MAE), a trav\u00e9s de la Subsecretar\u00eda de Gesti\u00f3n Marina y Costera (SGMC), el pasado 15 de junio, organiz\u00f3 la V Limpieza de Fondos Marinos, retirando alrededor de 35 kilos de basura de las aguas de la Reserva Marina El Pelado, en Ayangue, provincia de Santa Elena. El objetivo fue extraer la basura que se encontraba en&hellip; <a href=\"https:\/\/www.ambienteyenergia.gob.ec\/ambiente\/mae-realizo-la-v-limpieza-de-fondos-marinos-en-la-reserva-marina-el-pelado\/\">Read more &rarr;<\/a><\/p>\n","protected":false},"author":13,"featured_media":12491,"comment_status":"open","ping_status":"open","sticky":false,"template":"","format":"standard","meta":{"footnotes":""},"categories":[16,4],"tags":[],"class_list":["post-12490","post","type-post","status-publish","format-standard","has-post-thumbnail","hentry","category-comunicamos","category-noticias","xfolkentry"],"_links":{"self":[{"href":"https:\/\/www.ambienteyenergia.gob.ec\/ambiente\/wp-json\/wp\/v2\/posts\/12490","targetHints":{"allow":["GET"]}}],"collection":[{"href":"https:\/\/www.ambienteyenergia.gob.ec\/ambiente\/wp-json\/wp\/v2\/posts"}],"about":[{"href":"https:\/\/www.ambienteyenergia.gob.ec\/ambiente\/wp-json\/wp\/v2\/types\/post"}],"author":[{"embeddable":true,"href":"https:\/\/www.ambienteyenergia.gob.ec\/ambiente\/wp-json\/wp\/v2\/users\/13"}],"replies":[{"embeddable":true,"href":"https:\/\/www.ambienteyenergia.gob.ec\/ambiente\/wp-json\/wp\/v2\/comments?post=12490"}],"version-history":[{"count":0,"href":"https:\/\/www.ambienteyenergia.gob.ec\/ambiente\/wp-json\/wp\/v2\/posts\/12490\/revisions"}],"wp:featuredmedia":[{"embeddable":true,"href":"https:\/\/www.ambienteyenergia.gob.ec\/ambiente\/wp-json\/wp\/v2\/media\/12491"}],"wp:attachment":[{"href":"https:\/\/www.ambienteyenergia.gob.ec\/ambiente\/wp-json\/wp\/v2\/media?parent=12490"}],"wp:term":[{"taxonomy":"category","embeddable":true,"href":"https:\/\/www.ambienteyenergia.gob.ec\/ambiente\/wp-json\/wp\/v2\/categories?post=12490"},{"taxonomy":"post_tag","embeddable":true,"href":"https:\/\/www.ambienteyenergia.gob.ec\/ambiente\/wp-json\/wp\/v2\/tags?post=12490"}],"curies":[{"name":"wp","href":"https:\/\/api.w.org\/{rel}","templated":true}]}}