{"id":12483,"date":"2013-06-17T13:13:53","date_gmt":"2013-06-17T18:13:53","guid":{"rendered":"http:\/\/www.ambiente.gob.ec\/?p=12483"},"modified":"2013-06-17T13:13:53","modified_gmt":"2013-06-17T18:13:53","slug":"mae-libero-a-guanta-en-el-parque-nacional-podocarpus","status":"publish","type":"post","link":"https:\/\/www.ambienteyenergia.gob.ec\/ambiente\/mae-libero-a-guanta-en-el-parque-nacional-podocarpus\/","title":{"rendered":"MAE liber\u00f3 a guanta en el Parque Nacional Podocarpus"},"content":{"rendered":"<p style=\"text-align: justify;\">El Ministerio del Ambiente (MAE) reinsert\u00f3 a una Guanta (Cuniculus taczanowskii), en la zona de amortiguamiento del Parque Nacional Podocarpus, ubicado en la parroquia Valladolid del cant\u00f3n Palanda, en la provincia de Zamora Chinchipe, el pasado 12 de junio.<\/p>\n<p style=\"text-align: justify;\">El esp\u00e9cimen fue arrastrado por un derrumbe y termin\u00f3 en la v\u00eda principal que conduce al cant\u00f3n Palanda, este suceso al parecer le produjo algunas contusiones leves, por lo que se encontraba desorientado.<\/p>\n<p style=\"text-align: justify;\">T\u00e9cnicos de la Direcci\u00f3n Provincial del Ambiente en Zamora Chinchipe trasladaron al roedor al Centro Agr\u00edcola Veterinario La Pradera, en la misma provincia. En el lugar de rescate, el m\u00e9dico veterinario, Alex Minga, examin\u00f3 al animal y detect\u00f3 golpes leves en su cuerpo. Para contrarrestar el malestar se le administr\u00f3 antiinflamatorios y analg\u00e9sicos. La guanta es un macho, de aproximadamente dos o tres a\u00f1os de edad, pesa 7 kg y mide 67 cm.<\/p>\n<p style=\"text-align: justify;\">Luego de su recuperaci\u00f3n, guardaparques del \u00c1rea Protegida condujeron al mam\u00edfero a su h\u00e1bitat natural, donde ser\u00e1 monitoreado para comprobar su supervivencia.<\/p>\n<div id='gallery-1' class='gallery galleryid-12483 gallery-columns-4 gallery-size-thumbnail'><dl class='gallery-item'>\n\t\t\t<dt class='gallery-icon landscape'>\n\t\t\t\t<a href='https:\/\/www.ambienteyenergia.gob.ec\/ambiente\/mae-libero-a-guanta-en-el-parque-nacional-podocarpus\/guanta-1\/'><img loading=\"lazy\" decoding=\"async\" width=\"150\" height=\"150\" src=\"https:\/\/www.ambienteyenergia.gob.ec\/ambiente\/wp-content\/uploads\/sites\/2\/2013\/06\/Guanta-1-150x150.jpg\" class=\"attachment-thumbnail size-thumbnail\" alt=\"\" \/><\/a>\n\t\t\t<\/dt><\/dl><dl class='gallery-item'>\n\t\t\t<dt class='gallery-icon landscape'>\n\t\t\t\t<a href='https:\/\/www.ambienteyenergia.gob.ec\/ambiente\/mae-libero-a-guanta-en-el-parque-nacional-podocarpus\/guanta-2\/'><img loading=\"lazy\" decoding=\"async\" width=\"150\" height=\"150\" src=\"https:\/\/www.ambienteyenergia.gob.ec\/ambiente\/wp-content\/uploads\/sites\/2\/2013\/06\/guanta-2-150x150.jpg\" class=\"attachment-thumbnail size-thumbnail\" alt=\"\" \/><\/a>\n\t\t\t<\/dt><\/dl><dl class='gallery-item'>\n\t\t\t<dt class='gallery-icon landscape'>\n\t\t\t\t<a href='https:\/\/www.ambienteyenergia.gob.ec\/ambiente\/mae-libero-a-guanta-en-el-parque-nacional-podocarpus\/guanta-3\/'><img loading=\"lazy\" decoding=\"async\" width=\"150\" height=\"150\" src=\"https:\/\/www.ambienteyenergia.gob.ec\/ambiente\/wp-content\/uploads\/sites\/2\/2013\/06\/guanta-3-150x150.jpg\" class=\"attachment-thumbnail size-thumbnail\" alt=\"\" \/><\/a>\n\t\t\t<\/dt><\/dl>\n\t\t\t<br style='clear: both' \/>\n\t\t<\/div>\n\n<p>&nbsp;<\/p>\n<p>&nbsp;<\/p>\n<p>&nbsp;<\/p>\n","protected":false},"excerpt":{"rendered":"<p class=\"excerpt\">El Ministerio del Ambiente (MAE) reinsert\u00f3 a una Guanta (Cuniculus taczanowskii), en la zona de amortiguamiento del Parque Nacional Podocarpus, ubicado en la parroquia Valladolid del cant\u00f3n Palanda, en la provincia de Zamora Chinchipe, el pasado 12 de junio. El esp\u00e9cimen fue arrastrado por un derrumbe y termin\u00f3 en la v\u00eda principal que conduce al cant\u00f3n Palanda, este suceso al&hellip; <a href=\"https:\/\/www.ambienteyenergia.gob.ec\/ambiente\/mae-libero-a-guanta-en-el-parque-nacional-podocarpus\/\">Read more &rarr;<\/a><\/p>\n","protected":false},"author":13,"featured_media":12484,"comment_status":"open","ping_status":"open","sticky":false,"template":"","format":"standard","meta":{"footnotes":""},"categories":[16,4],"tags":[],"class_list":["post-12483","post","type-post","status-publish","format-standard","has-post-thumbnail","hentry","category-comunicamos","category-noticias","xfolkentry"],"_links":{"self":[{"href":"https:\/\/www.ambienteyenergia.gob.ec\/ambiente\/wp-json\/wp\/v2\/posts\/12483","targetHints":{"allow":["GET"]}}],"collection":[{"href":"https:\/\/www.ambienteyenergia.gob.ec\/ambiente\/wp-json\/wp\/v2\/posts"}],"about":[{"href":"https:\/\/www.ambienteyenergia.gob.ec\/ambiente\/wp-json\/wp\/v2\/types\/post"}],"author":[{"embeddable":true,"href":"https:\/\/www.ambienteyenergia.gob.ec\/ambiente\/wp-json\/wp\/v2\/users\/13"}],"replies":[{"embeddable":true,"href":"https:\/\/www.ambienteyenergia.gob.ec\/ambiente\/wp-json\/wp\/v2\/comments?post=12483"}],"version-history":[{"count":0,"href":"https:\/\/www.ambienteyenergia.gob.ec\/ambiente\/wp-json\/wp\/v2\/posts\/12483\/revisions"}],"wp:featuredmedia":[{"embeddable":true,"href":"https:\/\/www.ambienteyenergia.gob.ec\/ambiente\/wp-json\/wp\/v2\/media\/12484"}],"wp:attachment":[{"href":"https:\/\/www.ambienteyenergia.gob.ec\/ambiente\/wp-json\/wp\/v2\/media?parent=12483"}],"wp:term":[{"taxonomy":"category","embeddable":true,"href":"https:\/\/www.ambienteyenergia.gob.ec\/ambiente\/wp-json\/wp\/v2\/categories?post=12483"},{"taxonomy":"post_tag","embeddable":true,"href":"https:\/\/www.ambienteyenergia.gob.ec\/ambiente\/wp-json\/wp\/v2\/tags?post=12483"}],"curies":[{"name":"wp","href":"https:\/\/api.w.org\/{rel}","templated":true}]}}