{"id":12464,"date":"2013-06-17T10:33:02","date_gmt":"2013-06-17T15:33:02","guid":{"rendered":"http:\/\/www.ambiente.gob.ec\/?p=12464"},"modified":"2013-06-17T16:05:09","modified_gmt":"2013-06-17T21:05:09","slug":"cinecologico-conciencia-a-ninos-para-disminuir-la-contaminacion","status":"publish","type":"post","link":"https:\/\/www.ambienteyenergia.gob.ec\/ambiente\/cinecologico-conciencia-a-ninos-para-disminuir-la-contaminacion\/","title":{"rendered":"Cinecol\u00f3gico conciencia a ni\u00f1os para disminuir la contaminaci\u00f3n"},"content":{"rendered":"<p style=\"text-align: justify;\">Estudiantes de cuatro planteles educativos, cercanos al Estero Salado, participaron el pasado viernes 14 de junio, en el Cinecol\u00f3gico organizado por la Subsecretar\u00eda de Gesti\u00f3n Marina y Costera (SGMC) del Ministerio del Ambiente (MAE). Este evento se organiz\u00f3 para que los ni\u00f1os aprendan a tener un consumo m\u00e1s responsable de los recursos naturales, y la correcta disposici\u00f3n de la basura, para disminuir la contaminaci\u00f3n del planeta.<\/p>\n<p style=\"text-align: justify;\">El documental Home (en espa\u00f1ol Hogar), se proyect\u00f3 en la sala de MAAC Cine a 200 ni\u00f1os de las escuelas Oth\u00f3n Castillo V\u00e9lez, Matilde M\u00e1rquez de la Plata, Francisco Rovira Su\u00e1rez y Ciudad de Esmeraldas.<\/p>\n<p style=\"text-align: justify;\">Los ni\u00f1os se sorprendieron al observar los grandes rascacielos e islas artificiales que se construyen en Dubai. Sin embargo, prestaron especial atenci\u00f3n cuando la proyecci\u00f3n present\u00f3 los datos de ingresos econ\u00f3micos que percibe ese pa\u00eds por la extracci\u00f3n del petr\u00f3leo, realidad que contrasta con la carencia de recursos naturales debido a las caracter\u00edsticas \u00e1ridas de la zona. Por esa raz\u00f3n, las autoridades de Dubai deban comprar hasta el agua que se consume, entre otros productos que sirven para cubrir las necesidades de la poblaci\u00f3n.<\/p>\n<p style=\"text-align: justify;\">Edison, de 10 a\u00f1os, estudiante de la escuela Francisco Rovira, dijo que una imagen que no le gust\u00f3 fue \u201ccuando una gran red saca muchos animalitos del mar\u201d. En el documental pudieron observar c\u00f3mo grandes embarcaciones lanzan redes que extraen peces, ballenas y tortugas marinas, entre otras especies de diferentes tama\u00f1os, siendo muchos de ellos descartados por no servirles para su comercializaci\u00f3n, lo que afecta el ecosistema y su ciclo natural.<\/p>\n<p style=\"text-align: justify;\">Esta informaci\u00f3n, impartida a trav\u00e9s de la cinta, busca concienciar a los infantes para que se controlen ellos, sus familiares y amigos en el consumo excesivo, manifest\u00f3 Gustavo Iturralde, director de Normativas y Proyectos de la SGMC.<\/p>\n<p style=\"text-align: justify;\">Iturralde record\u00f3 que desde la vida cotidiana, las acciones humanas afectan el ecosistema y solo al lograr controlarlas se dar\u00e1 a la tierra un descanso y tiempo suficiente para recuperarse del impacto contaminante que recibe de los combustibles f\u00f3siles, pl\u00e1sticos, vidrio, papel, etc.<\/p>\n<p style=\"text-align: justify;\">El traslado de los estudiantes desde los planteles al MAAC Cine se realiz\u00f3 gracias a la colaboraci\u00f3n de la Armada Nacional.<\/p>\n<div id='gallery-1' class='gallery galleryid-12464 gallery-columns-4 gallery-size-thumbnail'><dl class='gallery-item'>\n\t\t\t<dt class='gallery-icon landscape'>\n\t\t\t\t<a href='https:\/\/www.ambienteyenergia.gob.ec\/ambiente\/cinecologico-conciencia-a-ninos-para-disminuir-la-contaminacion\/estudiantes-q-vieron-el-documental-en-maac-cine\/'><img loading=\"lazy\" decoding=\"async\" width=\"150\" height=\"150\" src=\"https:\/\/www.ambienteyenergia.gob.ec\/ambiente\/wp-content\/uploads\/sites\/2\/2013\/06\/Estudiantes-q-vieron-el-documental-en-MAAC-Cine-150x150.jpg\" class=\"attachment-thumbnail size-thumbnail\" alt=\"\" \/><\/a>\n\t\t\t<\/dt><\/dl><dl class='gallery-item'>\n\t\t\t<dt class='gallery-icon landscape'>\n\t\t\t\t<a href='https:\/\/www.ambienteyenergia.gob.ec\/ambiente\/cinecologico-conciencia-a-ninos-para-disminuir-la-contaminacion\/estudiantes-q-vieron-el-documental-en-maac-cine-2\/'><img loading=\"lazy\" decoding=\"async\" width=\"150\" height=\"150\" src=\"https:\/\/www.ambienteyenergia.gob.ec\/ambiente\/wp-content\/uploads\/sites\/2\/2013\/06\/Estudiantes-q-vieron-el-documental-en-MAAC-Cine-2-150x150.jpg\" class=\"attachment-thumbnail size-thumbnail\" alt=\"\" \/><\/a>\n\t\t\t<\/dt><\/dl><dl class='gallery-item'>\n\t\t\t<dt class='gallery-icon landscape'>\n\t\t\t\t<a href='https:\/\/www.ambienteyenergia.gob.ec\/ambiente\/cinecologico-conciencia-a-ninos-para-disminuir-la-contaminacion\/estudiantes-q-vieron-el-documental-en-maac-cine-3\/'><img loading=\"lazy\" decoding=\"async\" width=\"150\" height=\"150\" src=\"https:\/\/www.ambienteyenergia.gob.ec\/ambiente\/wp-content\/uploads\/sites\/2\/2013\/06\/Estudiantes-q-vieron-el-documental-en-MAAC-Cine-3-150x150.jpg\" class=\"attachment-thumbnail size-thumbnail\" alt=\"\" \/><\/a>\n\t\t\t<\/dt><\/dl>\n\t\t\t<br style='clear: both' \/>\n\t\t<\/div>\n\n<p>&nbsp;<\/p>\n","protected":false},"excerpt":{"rendered":"<p class=\"excerpt\">Estudiantes de cuatro planteles educativos, cercanos al Estero Salado, participaron el pasado viernes 14 de junio, en el Cinecol\u00f3gico organizado por la Subsecretar\u00eda de Gesti\u00f3n Marina y Costera (SGMC) del Ministerio del Ambiente (MAE). Este evento se organiz\u00f3 para que los ni\u00f1os aprendan a tener un consumo m\u00e1s responsable de los recursos naturales, y la correcta disposici\u00f3n de la basura,&hellip; <a href=\"https:\/\/www.ambienteyenergia.gob.ec\/ambiente\/cinecologico-conciencia-a-ninos-para-disminuir-la-contaminacion\/\">Read more &rarr;<\/a><\/p>\n","protected":false},"author":13,"featured_media":12465,"comment_status":"open","ping_status":"open","sticky":false,"template":"","format":"standard","meta":{"footnotes":""},"categories":[16,4],"tags":[],"class_list":["post-12464","post","type-post","status-publish","format-standard","has-post-thumbnail","hentry","category-comunicamos","category-noticias","xfolkentry"],"_links":{"self":[{"href":"https:\/\/www.ambienteyenergia.gob.ec\/ambiente\/wp-json\/wp\/v2\/posts\/12464","targetHints":{"allow":["GET"]}}],"collection":[{"href":"https:\/\/www.ambienteyenergia.gob.ec\/ambiente\/wp-json\/wp\/v2\/posts"}],"about":[{"href":"https:\/\/www.ambienteyenergia.gob.ec\/ambiente\/wp-json\/wp\/v2\/types\/post"}],"author":[{"embeddable":true,"href":"https:\/\/www.ambienteyenergia.gob.ec\/ambiente\/wp-json\/wp\/v2\/users\/13"}],"replies":[{"embeddable":true,"href":"https:\/\/www.ambienteyenergia.gob.ec\/ambiente\/wp-json\/wp\/v2\/comments?post=12464"}],"version-history":[{"count":0,"href":"https:\/\/www.ambienteyenergia.gob.ec\/ambiente\/wp-json\/wp\/v2\/posts\/12464\/revisions"}],"wp:featuredmedia":[{"embeddable":true,"href":"https:\/\/www.ambienteyenergia.gob.ec\/ambiente\/wp-json\/wp\/v2\/media\/12465"}],"wp:attachment":[{"href":"https:\/\/www.ambienteyenergia.gob.ec\/ambiente\/wp-json\/wp\/v2\/media?parent=12464"}],"wp:term":[{"taxonomy":"category","embeddable":true,"href":"https:\/\/www.ambienteyenergia.gob.ec\/ambiente\/wp-json\/wp\/v2\/categories?post=12464"},{"taxonomy":"post_tag","embeddable":true,"href":"https:\/\/www.ambienteyenergia.gob.ec\/ambiente\/wp-json\/wp\/v2\/tags?post=12464"}],"curies":[{"name":"wp","href":"https:\/\/api.w.org\/{rel}","templated":true}]}}