{"id":12461,"date":"2013-06-17T10:27:47","date_gmt":"2013-06-17T15:27:47","guid":{"rendered":"http:\/\/www.ambiente.gob.ec\/?p=12461"},"modified":"2013-06-17T11:13:31","modified_gmt":"2013-06-17T16:13:31","slug":"alrededor-de-20-chancheras-desalojadas-en-las-riberas-del-estero-puerto-lisa-guayaquil","status":"publish","type":"post","link":"https:\/\/www.ambienteyenergia.gob.ec\/ambiente\/alrededor-de-20-chancheras-desalojadas-en-las-riberas-del-estero-puerto-lisa-guayaquil\/","title":{"rendered":"Alrededor de 20 chancheras desalojadas en las riberas del Estero Puerto Lisa  (Guayaquil)"},"content":{"rendered":"<p style=\"text-align: justify;\">El pasado 14 de junio, el Ministerio del Ambiente (MAE) en el marco de la ejecuci\u00f3n de las actividades del Proyecto Guayaquil Ecol\u00f3gico \u2013 Estero Salado, efectu\u00f3 un operativo en el que se logr\u00f3 desmontar alrededor de 20 chancheras, en la ribera norte del Estero Puerto Lisa a la altura de las calles el Oro y la 19, y en el callej\u00f3n Robles Chamber, en Guayaquil.<\/p>\n<p style=\"text-align: justify;\">Semanas antes, el MAE en coordinaci\u00f3n con la Comisar\u00eda de Salud P\u00fablica notific\u00f3 a los propietarios de chanchos para que procedan al desalojo de los mismos. La comunidad respondi\u00f3 satisfactoriamente y retir\u00f3 a los animales. Sin embargo, las estructuras de los corrales a\u00fan permanec\u00edan en el sitio. Por esta raz\u00f3n, se realiz\u00f3 una jornada de recolecci\u00f3n de materiales como ca\u00f1as, tablas, madera, etc.<\/p>\n<p style=\"text-align: justify;\">El operativo cont\u00f3 con el apoyo de la comunidad y de las empresas VISOLIT y Puerto Limpio, las cuales se responsabilizaron de la disposici\u00f3n final de los desechos.<\/p>\n<p style=\"text-align: justify;\">Jessica Baquerizo -quien vive hace 20 a\u00f1os en el lugar- mencion\u00f3 que las acciones del MAE benefician al sector. \u201cMe siento contenta de que se desalojen las chancheras, pues eso ayudar\u00e1 a disminuir el mal olor en el sitio\u201d, afirm\u00f3.<\/p>\n<p style=\"text-align: justify;\">Esta jornada contempla tambi\u00e9n actividades como la instalaci\u00f3n de dos estaciones de Superoxigenaci\u00f3n, colocaci\u00f3n de una malla en el cauce del Estero a la altura de la calle Maracaibo y la 21 para el bloqueo del ingreso de desechos s\u00f3lidos, por efecto del acarreo durante la subida de la marea.<\/p>\n<p style=\"text-align: justify;\">Asimismo, se desarrollan Campa\u00f1as de concientizaci\u00f3n puerta a puerta, en las que se entregan de tachos con el fin de que la poblaci\u00f3n colabore en su limpieza y conservaci\u00f3n.<\/p>\n<p style=\"text-align: justify;\">Las acciones emprendidas, son parte de las estrategias que el Proyecto Guayaquil Ecol\u00f3gico ejecuta para la recuperaci\u00f3n del Estero Salado, pulm\u00f3n de la ciudad de Guayaquil.<\/p>\n<div id='gallery-1' class='gallery galleryid-12461 gallery-columns-4 gallery-size-thumbnail'><dl class='gallery-item'>\n\t\t\t<dt class='gallery-icon landscape'>\n\t\t\t\t<a href='https:\/\/www.ambienteyenergia.gob.ec\/ambiente\/alrededor-de-20-chancheras-desalojadas-en-las-riberas-del-estero-puerto-lisa-guayaquil\/chancheras\/'><img loading=\"lazy\" decoding=\"async\" width=\"150\" height=\"150\" src=\"https:\/\/www.ambienteyenergia.gob.ec\/ambiente\/wp-content\/uploads\/sites\/2\/2013\/06\/Chancheras-150x150.jpg\" class=\"attachment-thumbnail size-thumbnail\" alt=\"\" \/><\/a>\n\t\t\t<\/dt><\/dl><dl class='gallery-item'>\n\t\t\t<dt class='gallery-icon landscape'>\n\t\t\t\t<a href='https:\/\/www.ambienteyenergia.gob.ec\/ambiente\/alrededor-de-20-chancheras-desalojadas-en-las-riberas-del-estero-puerto-lisa-guayaquil\/chancheras-2\/'><img loading=\"lazy\" decoding=\"async\" width=\"150\" height=\"150\" src=\"https:\/\/www.ambienteyenergia.gob.ec\/ambiente\/wp-content\/uploads\/sites\/2\/2013\/06\/Chancheras-2-150x150.jpg\" class=\"attachment-thumbnail size-thumbnail\" alt=\"\" \/><\/a>\n\t\t\t<\/dt><\/dl><dl class='gallery-item'>\n\t\t\t<dt class='gallery-icon landscape'>\n\t\t\t\t<a href='https:\/\/www.ambienteyenergia.gob.ec\/ambiente\/alrededor-de-20-chancheras-desalojadas-en-las-riberas-del-estero-puerto-lisa-guayaquil\/chancheras-3\/'><img loading=\"lazy\" decoding=\"async\" width=\"150\" height=\"150\" src=\"https:\/\/www.ambienteyenergia.gob.ec\/ambiente\/wp-content\/uploads\/sites\/2\/2013\/06\/chancheras-3-150x150.jpg\" class=\"attachment-thumbnail size-thumbnail\" alt=\"\" \/><\/a>\n\t\t\t<\/dt><\/dl><dl class='gallery-item'>\n\t\t\t<dt class='gallery-icon landscape'>\n\t\t\t\t<a href='https:\/\/www.ambienteyenergia.gob.ec\/ambiente\/alrededor-de-20-chancheras-desalojadas-en-las-riberas-del-estero-puerto-lisa-guayaquil\/chancheras-4\/'><img loading=\"lazy\" decoding=\"async\" width=\"150\" height=\"150\" src=\"https:\/\/www.ambienteyenergia.gob.ec\/ambiente\/wp-content\/uploads\/sites\/2\/2013\/06\/chancheras-4-150x150.jpg\" class=\"attachment-thumbnail size-thumbnail\" alt=\"\" \/><\/a>\n\t\t\t<\/dt><\/dl><br style=\"clear: both\" \/>\n\t\t<\/div>\n\n<p>&nbsp;<\/p>\n<p>&nbsp;<\/p>\n","protected":false},"excerpt":{"rendered":"<p class=\"excerpt\">El pasado 14 de junio, el Ministerio del Ambiente (MAE) en el marco de la ejecuci\u00f3n de las actividades del Proyecto Guayaquil Ecol\u00f3gico \u2013 Estero Salado, efectu\u00f3 un operativo en el que se logr\u00f3 desmontar alrededor de 20 chancheras, en la ribera norte del Estero Puerto Lisa a la altura de las calles el Oro y la 19, y en&hellip; <a href=\"https:\/\/www.ambienteyenergia.gob.ec\/ambiente\/alrededor-de-20-chancheras-desalojadas-en-las-riberas-del-estero-puerto-lisa-guayaquil\/\">Read more &rarr;<\/a><\/p>\n","protected":false},"author":13,"featured_media":12462,"comment_status":"open","ping_status":"open","sticky":false,"template":"","format":"standard","meta":{"footnotes":""},"categories":[16,4],"tags":[],"class_list":["post-12461","post","type-post","status-publish","format-standard","has-post-thumbnail","hentry","category-comunicamos","category-noticias","xfolkentry"],"_links":{"self":[{"href":"https:\/\/www.ambienteyenergia.gob.ec\/ambiente\/wp-json\/wp\/v2\/posts\/12461","targetHints":{"allow":["GET"]}}],"collection":[{"href":"https:\/\/www.ambienteyenergia.gob.ec\/ambiente\/wp-json\/wp\/v2\/posts"}],"about":[{"href":"https:\/\/www.ambienteyenergia.gob.ec\/ambiente\/wp-json\/wp\/v2\/types\/post"}],"author":[{"embeddable":true,"href":"https:\/\/www.ambienteyenergia.gob.ec\/ambiente\/wp-json\/wp\/v2\/users\/13"}],"replies":[{"embeddable":true,"href":"https:\/\/www.ambienteyenergia.gob.ec\/ambiente\/wp-json\/wp\/v2\/comments?post=12461"}],"version-history":[{"count":0,"href":"https:\/\/www.ambienteyenergia.gob.ec\/ambiente\/wp-json\/wp\/v2\/posts\/12461\/revisions"}],"wp:featuredmedia":[{"embeddable":true,"href":"https:\/\/www.ambienteyenergia.gob.ec\/ambiente\/wp-json\/wp\/v2\/media\/12462"}],"wp:attachment":[{"href":"https:\/\/www.ambienteyenergia.gob.ec\/ambiente\/wp-json\/wp\/v2\/media?parent=12461"}],"wp:term":[{"taxonomy":"category","embeddable":true,"href":"https:\/\/www.ambienteyenergia.gob.ec\/ambiente\/wp-json\/wp\/v2\/categories?post=12461"},{"taxonomy":"post_tag","embeddable":true,"href":"https:\/\/www.ambienteyenergia.gob.ec\/ambiente\/wp-json\/wp\/v2\/tags?post=12461"}],"curies":[{"name":"wp","href":"https:\/\/api.w.org\/{rel}","templated":true}]}}