{"id":12452,"date":"2013-06-17T08:33:55","date_gmt":"2013-06-17T13:33:55","guid":{"rendered":"http:\/\/www.ambiente.gob.ec\/?p=12452"},"modified":"2013-06-20T11:15:01","modified_gmt":"2013-06-20T16:15:01","slug":"17-de-junio-dia-mundial-del-combate-a-la-desertificacion-y-la-sequia","status":"publish","type":"post","link":"https:\/\/www.ambienteyenergia.gob.ec\/ambiente\/17-de-junio-dia-mundial-del-combate-a-la-desertificacion-y-la-sequia\/","title":{"rendered":"17 de junio, D\u00eda Mundial del Combate a la desertificaci\u00f3n y la sequ\u00eda"},"content":{"rendered":"<p style=\"text-align: justify;\">En 1994, la Asamblea General de las Naciones Unidas declar\u00f3 el 17 de junio, como el D\u00eda Mundial de Lucha contra la Desertificaci\u00f3n y la Sequ\u00eda para fomentar la conciencia p\u00fablica sobre el tema y generar los mecanismos para la puesta en acci\u00f3n de la Convenci\u00f3n de las Naciones Unidas de Lucha contra la Desertificaci\u00f3n (CNULD), en aquellos pa\u00edses afectados ya sea por la incidencia de sequ\u00edas y\/o procesos de desertificaci\u00f3n.<\/p>\n<p style=\"text-align: justify;\">La CNULD se oficializ\u00f3 en diciembre de 1996 y fue ratificada por m\u00e1s de 150 Estados; el Ecuador fue el sexto pa\u00eds a nivel mundial en suscribirse a la CNULD. Como mecanismo de implementaci\u00f3n de la Convenci\u00f3n en los Pa\u00edses Parte, se constituy\u00f3 la Red Internacional de Organizaciones de la Sociedad Civil (RIOD).<\/p>\n<p style=\"text-align: justify;\"><strong>Acciones del MAE<\/strong><\/p>\n<p style=\"text-align: justify;\">El Ministerio del Ambiente (MAE), a trav\u00e9s de la Subsecretar\u00eda de Cambio Clim\u00e1tico, es el Punto Focal Cient\u00edfico de la CNULD, como tal ha liderado la implementaci\u00f3n de procesos de fortalecimiento de capacidades en el tema, mediante el desarrollo de talleres y capacitaciones, a los cuales han asistido instituciones gubernamentales, institutos de investigaci\u00f3n, universidades, organizaciones de la sociedad civil, empresas privadas, agricultores y productores, y ciudadan\u00eda en general. El prop\u00f3sito de estos eventos es generar y coordinar acciones y actividades de acuerdo a las l\u00edneas estrat\u00e9gicas del Plan de Acci\u00f3n Nacional para la Lucha contra la Desertificaci\u00f3n, Degradaci\u00f3n de Tierras y Sequ\u00eda (PAND) 2013 \u2013 2014.<\/p>\n<p style=\"text-align: justify;\">En este d\u00eda, el MAE presenta un material impreso dividido en dos cuadernillos: \u201cAprendiendo a luchar contra la desertificaci\u00f3n, degradaci\u00f3n de tierras y sequ\u00eda\u201d y \u201cBeneficios del manejo sostenible de la tierra\u201d. Estos han sido dise\u00f1ados para autoridades, t\u00e9cnicos y funcionarios de instituciones p\u00fablicas y privadas, institutos de investigaci\u00f3n, universidades y escuelas polit\u00e9cnicas, direcciones provinciales del MAE y organizaciones no gubernamentales, para que comprendan la importancia socio econ\u00f3mica y ecosist\u00e9mica que las zonas \u00e1ridas, semi\u00e1ridas y subh\u00famedas secas en Ecuador. Asimismo, para potenciar los beneficios de implementar las medidas de manejo sostenible de la tierra y agua, especialmente en las actividades de producci\u00f3n agropecuaria.<\/p>\n<p style=\"text-align: justify;\"><strong>\u00bfQu\u00e9 es la desertificaci\u00f3n?<\/strong><\/p>\n<p style=\"text-align: justify;\">La desertificaci\u00f3n es la degradaci\u00f3n de las tierras en las zonas \u00e1ridas, semi\u00e1ridas y subh\u00famedas secas, producto de diversos factores como las variaciones clim\u00e1ticas y especialmente las actividades humanas.<\/p>\n<p style=\"text-align: justify;\">La degradaci\u00f3n del suelo en \u00e1reas secas provoca un incremento de tierras no productivas, generando deterioro de las estructuras sociales y culturales, p\u00e9rdida de la seguridad alimentaria y aumento de la migraci\u00f3n a medida que los ingresos de la poblaci\u00f3n local se ven disminuidos. Todos estos factores minan la capacidad de una comunidad para ejercer la autodeterminaci\u00f3n y el control de sus propios recursos.<\/p>\n<p style=\"text-align: justify;\">Para conocer el contenido de los libros anteriormente mencionados les invitamos a visitar los siguientes links:<\/p>\n<ul>\n<li><a href=\"http:\/\/www.ambienteyenergia.gob.ec\/ambiente\/wp-content\/uploads\/downloads\/2013\/06\/aprendiendo3.pdf\">Aprendiendo a luchar contra la desertificaci\u00f3n, degradaci\u00f3n de tierras y sequ\u00eda.<\/a><\/li>\n<li><a href=\"http:\/\/www.ambienteyenergia.gob.ec\/ambiente\/wp-content\/uploads\/downloads\/2013\/06\/BENEFICIOS-MANEJO-NUEVO1.pdf\">Beneficios del manejo sostenible de la tierra.<\/a><\/li>\n<\/ul>\n<p>&nbsp;<\/p>\n<div id='gallery-1' class='gallery galleryid-12452 gallery-columns-4 gallery-size-thumbnail'><dl class='gallery-item'>\n\t\t\t<dt class='gallery-icon landscape'>\n\t\t\t\t<a href='https:\/\/www.ambienteyenergia.gob.ec\/ambiente\/17-de-junio-dia-mundial-del-combate-a-la-desertificacion-y-la-sequia\/100_8495\/'><img loading=\"lazy\" decoding=\"async\" width=\"150\" height=\"150\" src=\"https:\/\/www.ambienteyenergia.gob.ec\/ambiente\/wp-content\/uploads\/sites\/2\/2013\/06\/100_8495-150x150.jpg\" class=\"attachment-thumbnail size-thumbnail\" alt=\"\" \/><\/a>\n\t\t\t<\/dt><\/dl><dl class='gallery-item'>\n\t\t\t<dt class='gallery-icon landscape'>\n\t\t\t\t<a href='https:\/\/www.ambienteyenergia.gob.ec\/ambiente\/17-de-junio-dia-mundial-del-combate-a-la-desertificacion-y-la-sequia\/100_8292\/'><img loading=\"lazy\" decoding=\"async\" width=\"150\" height=\"150\" src=\"https:\/\/www.ambienteyenergia.gob.ec\/ambiente\/wp-content\/uploads\/sites\/2\/2013\/06\/100_8292-150x150.jpg\" class=\"attachment-thumbnail size-thumbnail\" alt=\"\" \/><\/a>\n\t\t\t<\/dt><\/dl><dl class='gallery-item'>\n\t\t\t<dt class='gallery-icon landscape'>\n\t\t\t\t<a href='https:\/\/www.ambienteyenergia.gob.ec\/ambiente\/17-de-junio-dia-mundial-del-combate-a-la-desertificacion-y-la-sequia\/desertificacion\/'><img loading=\"lazy\" decoding=\"async\" width=\"150\" height=\"150\" src=\"https:\/\/www.ambienteyenergia.gob.ec\/ambiente\/wp-content\/uploads\/sites\/2\/2013\/06\/Desertificaci\u00f3n-150x150.jpg\" class=\"attachment-thumbnail size-thumbnail\" alt=\"\" \/><\/a>\n\t\t\t<\/dt><\/dl>\n\t\t\t<br style='clear: both' \/>\n\t\t<\/div>\n\n","protected":false},"excerpt":{"rendered":"<p class=\"excerpt\">En 1994, la Asamblea General de las Naciones Unidas declar\u00f3 el 17 de junio, como el D\u00eda Mundial de Lucha contra la Desertificaci\u00f3n y la Sequ\u00eda para fomentar la conciencia p\u00fablica sobre el tema y generar los mecanismos para la puesta en acci\u00f3n de la Convenci\u00f3n de las Naciones Unidas de Lucha contra la Desertificaci\u00f3n (CNULD), en aquellos pa\u00edses afectados&hellip; <a href=\"https:\/\/www.ambienteyenergia.gob.ec\/ambiente\/17-de-junio-dia-mundial-del-combate-a-la-desertificacion-y-la-sequia\/\">Read more &rarr;<\/a><\/p>\n","protected":false},"author":13,"featured_media":12458,"comment_status":"open","ping_status":"open","sticky":false,"template":"","format":"standard","meta":{"footnotes":""},"categories":[16,4],"tags":[],"class_list":["post-12452","post","type-post","status-publish","format-standard","has-post-thumbnail","hentry","category-comunicamos","category-noticias","xfolkentry"],"_links":{"self":[{"href":"https:\/\/www.ambienteyenergia.gob.ec\/ambiente\/wp-json\/wp\/v2\/posts\/12452","targetHints":{"allow":["GET"]}}],"collection":[{"href":"https:\/\/www.ambienteyenergia.gob.ec\/ambiente\/wp-json\/wp\/v2\/posts"}],"about":[{"href":"https:\/\/www.ambienteyenergia.gob.ec\/ambiente\/wp-json\/wp\/v2\/types\/post"}],"author":[{"embeddable":true,"href":"https:\/\/www.ambienteyenergia.gob.ec\/ambiente\/wp-json\/wp\/v2\/users\/13"}],"replies":[{"embeddable":true,"href":"https:\/\/www.ambienteyenergia.gob.ec\/ambiente\/wp-json\/wp\/v2\/comments?post=12452"}],"version-history":[{"count":0,"href":"https:\/\/www.ambienteyenergia.gob.ec\/ambiente\/wp-json\/wp\/v2\/posts\/12452\/revisions"}],"wp:featuredmedia":[{"embeddable":true,"href":"https:\/\/www.ambienteyenergia.gob.ec\/ambiente\/wp-json\/wp\/v2\/media\/12458"}],"wp:attachment":[{"href":"https:\/\/www.ambienteyenergia.gob.ec\/ambiente\/wp-json\/wp\/v2\/media?parent=12452"}],"wp:term":[{"taxonomy":"category","embeddable":true,"href":"https:\/\/www.ambienteyenergia.gob.ec\/ambiente\/wp-json\/wp\/v2\/categories?post=12452"},{"taxonomy":"post_tag","embeddable":true,"href":"https:\/\/www.ambienteyenergia.gob.ec\/ambiente\/wp-json\/wp\/v2\/tags?post=12452"}],"curies":[{"name":"wp","href":"https:\/\/api.w.org\/{rel}","templated":true}]}}