{"id":12446,"date":"2013-06-14T18:10:34","date_gmt":"2013-06-14T23:10:34","guid":{"rendered":"http:\/\/www.ambiente.gob.ec\/?p=12446"},"modified":"2013-06-14T18:11:05","modified_gmt":"2013-06-14T23:11:05","slug":"mae-supervisa-implementacion-de-medidas-de-prevencion-de-derrames","status":"publish","type":"post","link":"https:\/\/www.ambienteyenergia.gob.ec\/ambiente\/mae-supervisa-implementacion-de-medidas-de-prevencion-de-derrames\/","title":{"rendered":"MAE supervisa implementaci\u00f3n de medidas de prevenci\u00f3n de derrames"},"content":{"rendered":"<p style=\"text-align: justify;\">Tras el derrame de crudo ocurrido el pasado 31 de mayo, a causa de un deslave que provoc\u00f3 la rotura del Sistema de Oleoducto Transecuatoriano (SOTE), el Ministerio del Ambiente (MAE) ha coordinado y monitoreado con la E.P. Petroecuador, las acciones de contingencia y reparaci\u00f3n ambiental.<\/p>\n<p style=\"text-align: justify;\">El MAE y EP Petroecuador realizaron un muestreo de crudo en agua, vegetaci\u00f3n y sedimentos en las zonas donde se dispers\u00f3 el hidrocarburo. Esta acci\u00f3n permitir\u00e1 medir cu\u00e1nto petr\u00f3leo y en qu\u00e9 condiciones se encuentran los diferentes elementos expuestos a su paso.<\/p>\n<p style=\"text-align: justify;\">Asimismo, se desarrollan asambleas peri\u00f3dicas en las zonas afectadas para socializar el plan de restauraci\u00f3n integral que incluyen acciones de remediaci\u00f3n, compensaci\u00f3n e indemnizaci\u00f3n.<\/p>\n<p style=\"text-align: justify;\">Tambi\u00e9n se ejecuta la valoraci\u00f3n del da\u00f1o ambiental causado por el derrame y se supervisan las acciones contempladas en el Plan de Contingencia.<\/p>\n<p style=\"text-align: justify;\">El MAE, como principal rector ambiental, supervisar\u00e1 las medidas que garanticen la no repetici\u00f3n de estos eventos.<\/p>\n<p style=\"text-align: justify;\">Un equipo t\u00e9cnico del MAE explic\u00f3 al comit\u00e9 y a la comunidad el m\u00e9todo de supervisi\u00f3n, validaci\u00f3n y aprobaci\u00f3n de las acciones que deben ser ejecutadas por la operadora EP Petroecuador.<\/p>\n<p style=\"text-align: justify;\"><strong>Antecedentes<\/strong><\/p>\n<p style=\"text-align: justify;\">Un deslave ocasion\u00f3 el derrame de crudo pesado en el kil\u00f3metro 82 de la tuber\u00eda 26 del Oleoducto Transecuatoriano, SOTE, 200 metros antes de la parroquia \u201cEl Reventador\u201d, Cant\u00f3n Gonzalo Pizarro, provincia de Sucumb\u00edos, inform\u00f3 esta ma\u00f1ana EP Petroecuador.<\/p>\n<p style=\"text-align: justify;\">De manera inmediata, el Ministerio del Ambiente (MAE), a trav\u00e9s de la Subsecretar\u00eda de Calidad Ambiental y el Programa de Reparaci\u00f3n Ambiental y Social (PRAS), moviliz\u00f3 un equipo t\u00e9cnico especializado a la zona del percance para activar su contingente y de esta forma controlar y vigilar el impacto ambiental que este evento pueda suscitar.<\/p>\n<p>&nbsp;<\/p>\n<p>&nbsp;<\/p>\n","protected":false},"excerpt":{"rendered":"<p class=\"excerpt\">Tras el derrame de crudo ocurrido el pasado 31 de mayo, a causa de un deslave que provoc\u00f3 la rotura del Sistema de Oleoducto Transecuatoriano (SOTE), el Ministerio del Ambiente (MAE) ha coordinado y monitoreado con la E.P. Petroecuador, las acciones de contingencia y reparaci\u00f3n ambiental. El MAE y EP Petroecuador realizaron un muestreo de crudo en agua, vegetaci\u00f3n y&hellip; <a href=\"https:\/\/www.ambienteyenergia.gob.ec\/ambiente\/mae-supervisa-implementacion-de-medidas-de-prevencion-de-derrames\/\">Read more &rarr;<\/a><\/p>\n","protected":false},"author":13,"featured_media":12439,"comment_status":"open","ping_status":"open","sticky":false,"template":"","format":"standard","meta":{"footnotes":""},"categories":[16,4],"tags":[],"class_list":["post-12446","post","type-post","status-publish","format-standard","has-post-thumbnail","hentry","category-comunicamos","category-noticias","xfolkentry"],"_links":{"self":[{"href":"https:\/\/www.ambienteyenergia.gob.ec\/ambiente\/wp-json\/wp\/v2\/posts\/12446","targetHints":{"allow":["GET"]}}],"collection":[{"href":"https:\/\/www.ambienteyenergia.gob.ec\/ambiente\/wp-json\/wp\/v2\/posts"}],"about":[{"href":"https:\/\/www.ambienteyenergia.gob.ec\/ambiente\/wp-json\/wp\/v2\/types\/post"}],"author":[{"embeddable":true,"href":"https:\/\/www.ambienteyenergia.gob.ec\/ambiente\/wp-json\/wp\/v2\/users\/13"}],"replies":[{"embeddable":true,"href":"https:\/\/www.ambienteyenergia.gob.ec\/ambiente\/wp-json\/wp\/v2\/comments?post=12446"}],"version-history":[{"count":0,"href":"https:\/\/www.ambienteyenergia.gob.ec\/ambiente\/wp-json\/wp\/v2\/posts\/12446\/revisions"}],"wp:featuredmedia":[{"embeddable":true,"href":"https:\/\/www.ambienteyenergia.gob.ec\/ambiente\/wp-json\/wp\/v2\/media\/12439"}],"wp:attachment":[{"href":"https:\/\/www.ambienteyenergia.gob.ec\/ambiente\/wp-json\/wp\/v2\/media?parent=12446"}],"wp:term":[{"taxonomy":"category","embeddable":true,"href":"https:\/\/www.ambienteyenergia.gob.ec\/ambiente\/wp-json\/wp\/v2\/categories?post=12446"},{"taxonomy":"post_tag","embeddable":true,"href":"https:\/\/www.ambienteyenergia.gob.ec\/ambiente\/wp-json\/wp\/v2\/tags?post=12446"}],"curies":[{"name":"wp","href":"https:\/\/api.w.org\/{rel}","templated":true}]}}